{"id":7950,"date":"2025-10-30T16:27:40","date_gmt":"2025-10-30T15:27:40","guid":{"rendered":"https:\/\/eco.becommerce.hu\/?p=7950"},"modified":"2025-10-30T16:27:40","modified_gmt":"2025-10-30T15:27:40","slug":"az-emeloszerkezetek-felulvizsgalatanak-fontossaga","status":"publish","type":"post","link":"https:\/\/ecocranes.hu\/ro\/az-emeloszerkezetek-felulvizsgalatanak-fontossaga\/","title":{"rendered":"Importan\u021ba verific\u0103rii dispozitivelor de ridicare"},"content":{"rendered":"<div data-elementor-type=\"wp-post\" data-elementor-id=\"7950\" class=\"elementor elementor-7950\" data-elementor-post-type=\"post\">\n\t\t\t\t\t\t<section class=\"elementor-section elementor-top-section elementor-element elementor-element-6951de1 elementor-section-boxed elementor-section-height-default elementor-section-height-default\" data-id=\"6951de1\" data-element_type=\"section\" data-settings=\"{&quot;jet_parallax_layout_list&quot;:[]}\">\n\t\t\t\t\t\t<div class=\"elementor-container elementor-column-gap-default\">\n\t\t\t\t\t<div class=\"elementor-column elementor-col-100 elementor-top-column elementor-element elementor-element-f71be18\" data-id=\"f71be18\" data-element_type=\"column\">\n\t\t\t<div class=\"elementor-widget-wrap\">\n\t\t\t\t\t\t\t<\/div>\n\t\t<\/div>\n\t\t\t\t\t<\/div>\n\t\t<\/section>\n\t\t\t\t<section class=\"elementor-section elementor-top-section elementor-element elementor-element-be9ab8e elementor-section-boxed elementor-section-height-default elementor-section-height-default\" data-id=\"be9ab8e\" data-element_type=\"section\" data-settings=\"{&quot;jet_parallax_layout_list&quot;:[]}\">\n\t\t\t\t\t\t<div class=\"elementor-container elementor-column-gap-default\">\n\t\t\t\t\t<div class=\"elementor-column elementor-col-100 elementor-top-column elementor-element elementor-element-d603be6\" data-id=\"d603be6\" data-element_type=\"column\">\n\t\t\t<div class=\"elementor-widget-wrap elementor-element-populated\">\n\t\t\t\t\t\t<div class=\"elementor-element elementor-element-d380d75 elementor-widget elementor-widget-text-editor\" data-id=\"d380d75\" data-element_type=\"widget\" data-widget_type=\"text-editor.default\">\n\t\t\t\t\t\t\t\t\t<p style=\"text-align:justify\"><b>Efectuarea inspec\u021biilor periodice ale dispozitivelor de ridicare, \u00een conformitate cu standardele, este de o importan\u021b\u0103 primordial\u0103 pentru o func\u021bionare eficient\u0103, sigur\u0103 \u0219i conform\u0103 cu reglement\u0103rile. \u00cen articolul de ast\u0103zi vom discuta despre modul \u00een care echipa de exper\u021bi Eco Cranes v\u0103 poate ajuta la efectuarea acestor inspec\u021bii.<o:p><\/o:p><\/b><\/p>\n<p style=\"text-align:justify\"><span style=\"letter-spacing: 0em;\">Exploatarea f\u0103r\u0103 accidente \u0219i \u00een condi\u021bii de siguran\u021b\u0103, precum \u0219i efectuarea inspec\u021biilor periodice prev\u0103zute sau (\u00een cazul lipsei calific\u0103rii profesionale necesare) \u00eencredin\u021barea efectu\u0103rii acestora sunt responsabilitatea proprietarului dispozitivului de ridicare. <\/span><b style=\"letter-spacing: 0em;\">Ordinea \u00eencerc\u0103rilor trebuie stabilit\u0103 \u00een conformitate cu standardul MSZ 9721\/1.<\/b><\/p>\n<p style=\"text-align:justify\"><o:p>&nbsp;<\/o:p><b style=\"color: rgb(34, 41, 49); font-size: 28px; letter-spacing: 0em;\"><span style=\"font-size:13.0pt\">Studii&nbsp;<\/span><\/b><b style=\"color: rgb(34, 41, 49); font-size: 28px; letter-spacing: 0em;\"><span style=\"font-size:13.0pt\">tipuri<\/span><\/b><\/p>\n<p style=\"text-align:justify\">Acesta <b>MSZ 9721\/1<\/b> <b>standard&nbsp;<\/b>pe baza <b>\u00eencerc\u0103ri structurale, generale \u0219i de siguran\u021b\u0103<\/b> trebuie efectuat\u0103 la intervale prestabilite. \u00cen cazul inspec\u021biilor generale \u0219i structurale, acest lucru depinde de num\u0103rul de grupuri opera\u021bionale ale dispozitivelor de ridicare. Iar inspec\u021bia de siguran\u021b\u0103 trebuie efectuat\u0103 cel pu\u021bin o dat\u0103 la cinci ani. Aceasta <b>inspec\u021bii periodice<\/b> \u00een cursul <b>MSZ 19170<\/b> <b>serie de standarde<\/b> Prevederile acestora sunt cele care fac dreptul; un dispozitiv de ridicare care poate fi utilizat \u00een mod corespunz\u0103tor \u0219i \u00een condi\u021bii de siguran\u021b\u0103 trebuie s\u0103 \u00eendeplineasc\u0103 cerin\u021bele prev\u0103zute \u00een acestea.<o:p><\/o:p><\/p>\n<h2 style=\"text-align:justify\"><b style=\"letter-spacing: 0em;\"><span style=\"font-size:13.0pt\">Confort<\/span><\/b><\/h2>\n<p style=\"text-align:justify\">Echipa de profesioni\u0219ti de la Eco Cranes&nbsp;<b>\u00eentr-un termen scurt<\/b> este capabil s\u0103 efectueze verific\u0103rile necesare, <b>chiar \u0219i \u00een urma unui mandat punctual<\/b>. Merit\u0103 \u00eens\u0103 s\u0103 deveni\u021bi clientul nostru cu contract, deoarece \u00een acest caz prelu\u0103m toate sarcinile de pe umerii operatorilor. Nu mai este necesar s\u0103 \u021bine\u021bi eviden\u021ba datelor inspec\u021biilor viitoare \u0219i s\u0103 le organiza\u021bi. Pentru partenerii no\u0219tri, echipa Eco Cranes se ocup\u0103 de toate acestea: angaja\u021bii no\u0219tri se prezint\u0103 automat la orele stabilite \u00een prealabil pentru a efectua inspec\u021bia cuvenit\u0103, pe care, desigur, o documenteaz\u0103 conform reglement\u0103rilor.<o:p><\/o:p><\/p>\n<h2 style=\"text-align:justify\"><b style=\"letter-spacing: 0em;\"><span style=\"font-size:13.0pt\">Documenta\u021bie<\/span><\/b><\/h2>\n<p style=\"text-align:justify\">Desigur, efectuat\u0103 de speciali\u0219tii no\u0219tri <b>Verific\u0103rile nu se limiteaz\u0103 doar la inspec\u021biile fizice&nbsp;<\/b>(cu instrumente de m\u0103surare, cu aparate de m\u0103surare, prin \u00eenc\u0103rcare, prin palpare) <b>nu se limiteaz\u0103 la acestea, ci se extind \u0219i la documenta\u021bia \u00eenso\u021bitoare a macaralelor<\/b>, pe care ne angaj\u0103m s\u0103 le \u00eenlocuim, dac\u0103 este necesar.<o:p><\/o:p><\/p>\n<p style=\"text-align:justify\"><span style=\"letter-spacing: 0em;\">Acesta <\/span><b style=\"letter-spacing: 0em;\">documentarea revizuirilor periodice<\/b><span style=\"letter-spacing: 0em;\"> acel <\/span><b style=\"letter-spacing: 0em;\">MSZ 9725<\/b><span style=\"letter-spacing: 0em;\"> <\/span><b style=\"letter-spacing: 0em;\">standard<\/b><span style=\"letter-spacing: 0em;\"> se desf\u0103\u0219oar\u0103 conform prevederilor, iar verificarea efectuat\u0103 este atestat\u0103 \u00een documenta\u021bia \u00eenso\u021bitoare a dispozitivului de ridicare. Procesul-verbal al acesteia, jurnalul de m\u0103sur\u0103tori, rezultatele \u0219i constat\u0103rile legate de inspec\u021bie sunt p\u0103strate ata\u0219ate la documenta\u021bie.<\/span><\/p>\n<blockquote style=\"text-align:justify\"><i style=\"letter-spacing: 0em;\"><span style=\"color:black; mso-color-alt:windowtext;background:yellow\">\u00cen cadrul inspec\u021biei, speciali\u0219tii verific\u0103 dac\u0103 exist\u0103 posibilitatea moderniz\u0103rii echipamentului, \u00een vederea \u00eembun\u0103t\u0103\u021birii siguran\u021bei \u0219i a eficien\u021bei opera\u021bionale. \u00cen cazul \u00een care dispozitivul de ridicare poate fi \u00eembun\u0103t\u0103\u021bit, ace\u0219tia formuleaz\u0103 \u0219i recomand\u0103ri \u00een acest sens.<\/span><\/i><\/blockquote>\n<p style=\"text-align:justify\"><o:p>&nbsp;<\/o:p><b style=\"color: rgb(34, 41, 49); font-size: 28px; letter-spacing: 0em;\"><span style=\"font-size:13.0pt\">Eco&nbsp;<\/span><\/b><b style=\"color: rgb(34, 41, 49); font-size: 28px; letter-spacing: 0em;\"><span style=\"font-size:13.0pt\">Macarale<\/span><\/b><\/p>\n<p><\/p>\n<p style=\"text-align:justify\">Dori\u021bi s\u0103 \u00eencredin\u021ba\u021bi aceast\u0103 sarcin\u0103 unor speciali\u0219ti cu experien\u021b\u0103 <a href=\"https:\/\/eco.becommerce.hu\/emelokisokos\/\">mecanismelor sale de ridicare<\/a>&nbsp;revizuirea periodic\u0103 a acestora, care, dac\u0103 este necesar, <a href=\"https:\/\/eco.becommerce.hu\/ha-gond-van-hivjon-jovunk-daru-es-emelojavitas-szakszeruen\/\">a efectua lucr\u0103ri de \u00eentre\u021binere<\/a>&nbsp;sau le pot moderniza? Echipa Eco Cranes v\u0103 st\u0103 la dispozi\u021bie, nu ezita\u021bi s\u0103 ne contacta\u021bi <a href=\"https:\/\/eco.becommerce.hu\/kapcsolat\/\">leg\u0103tur\u0103<\/a><span>al\u0103turi de noi<\/span>!<o:p><\/o:p><\/p>\t\t\t\t\t\t\t\t<\/div>\n\t\t\t\t\t<\/div>\n\t\t<\/div>\n\t\t\t\t\t<\/div>\n\t\t<\/section>\n\t\t\t\t<\/div>","protected":false},"excerpt":{"rendered":"<p>Efectuarea unor inspec\u021bii periodice ale dispozitivelor de ridicare, \u00een conformitate cu standardele, este de o importan\u021b\u0103 primordial\u0103 pentru o func\u021bionare eficient\u0103, sigur\u0103 \u0219i conform\u0103 cu normele \u00een vigoare. <\/p>","protected":false},"author":1,"featured_media":5875,"comment_status":"closed","ping_status":"closed","sticky":false,"template":"","format":"standard","meta":{"_acf_changed":false,"footnotes":""},"categories":[102],"tags":[129,117],"class_list":["post-7950","post","type-post","status-publish","format-standard","has-post-thumbnail","hentry","category-hirek-cikkek","tag-emelestechnika","tag-vizsgalat","has-thumb"],"acf":[],"yoast_head":"<!-- This site is optimized with the Yoast SEO Premium plugin v26.2 (Yoast SEO v26.6) - https:\/\/yoast.com\/wordpress\/plugins\/seo\/ -->\n<title>Az emel\u0151szerkezetek fel\u00fclvizsg\u00e1lat\u00e1nak fontoss\u00e1ga<\/title>\n<meta name=\"description\" content=\"Az emel\u0151szerkezetek folyamatos, szabv\u00e1nyok szerinti fel\u00fclvizsg\u00e1latainak elv\u00e9gz\u00e9se els\u0151dleges fontoss\u00e1g\u00fa a hat\u00e9kony, biztons\u00e1gos m\u0171k\u00f6d\u00e9shez.\" \/>\n<meta name=\"robots\" content=\"index, follow, max-snippet:-1, max-image-preview:large, max-video-preview:-1\" \/>\n<link rel=\"canonical\" href=\"https:\/\/ecocranes.hu\/ro\/az-emeloszerkezetek-felulvizsgalatanak-fontossaga\/\" \/>\n<meta property=\"og:locale\" content=\"ro_RO\" \/>\n<meta property=\"og:type\" content=\"article\" \/>\n<meta property=\"og:title\" content=\"Az emel\u0151szerkezetek fel\u00fclvizsg\u00e1lat\u00e1nak fontoss\u00e1ga\" \/>\n<meta property=\"og:description\" content=\"Az emel\u0151szerkezetek folyamatos, szabv\u00e1nyok szerinti fel\u00fclvizsg\u00e1latainak elv\u00e9gz\u00e9se els\u0151dleges fontoss\u00e1g\u00fa a hat\u00e9kony, biztons\u00e1gos \u00e9s az el\u0151\u00edr\u00e1soknak megfelel\u0151 m\u0171k\u00f6d\u00e9shez.\" \/>\n<meta property=\"og:url\" content=\"https:\/\/ecocranes.hu\/ro\/az-emeloszerkezetek-felulvizsgalatanak-fontossaga\/\" \/>\n<meta property=\"og:site_name\" content=\"Eco-Cranes\" \/>\n<meta property=\"article:publisher\" content=\"https:\/\/www.facebook.com\/ecocranes\" \/>\n<meta property=\"article:published_time\" content=\"2025-10-30T15:27:40+00:00\" \/>\n<meta property=\"og:image\" content=\"https:\/\/ecocranes.hu\/wp-content\/uploads\/2021\/04\/korulkeritett_teru_teheremelok_004.jpg\" \/>\n\t<meta property=\"og:image:width\" content=\"768\" \/>\n\t<meta property=\"og:image:height\" content=\"1024\" \/>\n\t<meta property=\"og:image:type\" content=\"image\/jpeg\" \/>\n<meta name=\"author\" content=\"eco.-admin\" \/>\n<meta name=\"twitter:card\" content=\"summary_large_image\" \/>\n<meta name=\"twitter:label1\" content=\"Scris de\" \/>\n\t<meta name=\"twitter:data1\" content=\"eco.-admin\" \/>\n\t<meta name=\"twitter:label2\" content=\"Timp estimat pentru citire\" \/>\n\t<meta name=\"twitter:data2\" content=\"3 minute\" \/>\n<script type=\"application\/ld+json\" class=\"yoast-schema-graph\">{\"@context\":\"https:\/\/schema.org\",\"@graph\":[{\"@type\":\"Article\",\"@id\":\"https:\/\/ecocranes.hu\/az-emeloszerkezetek-felulvizsgalatanak-fontossaga\/#article\",\"isPartOf\":{\"@id\":\"https:\/\/ecocranes.hu\/az-emeloszerkezetek-felulvizsgalatanak-fontossaga\/\"},\"author\":{\"name\":\"eco.-admin\",\"@id\":\"https:\/\/ecocranes.hu\/#\/schema\/person\/313efb4c05acc39796b4c6dbd501f01d\"},\"headline\":\"Az emel\u0151szerkezetek fel\u00fclvizsg\u00e1lat\u00e1nak fontoss\u00e1ga\",\"datePublished\":\"2025-10-30T15:27:40+00:00\",\"mainEntityOfPage\":{\"@id\":\"https:\/\/ecocranes.hu\/az-emeloszerkezetek-felulvizsgalatanak-fontossaga\/\"},\"wordCount\":626,\"publisher\":{\"@id\":\"https:\/\/ecocranes.hu\/#organization\"},\"image\":{\"@id\":\"https:\/\/ecocranes.hu\/az-emeloszerkezetek-felulvizsgalatanak-fontossaga\/#primaryimage\"},\"thumbnailUrl\":\"https:\/\/ecocranes.hu\/wp-content\/uploads\/2021\/04\/korulkeritett_teru_teheremelok_004.jpg\",\"keywords\":[\"emel\u00e9stechnika\",\"vizsg\u00e1lat\"],\"articleSection\":[\"H\u00edrek, cikkek\"],\"inLanguage\":\"ro-RO\"},{\"@type\":\"WebPage\",\"@id\":\"https:\/\/ecocranes.hu\/az-emeloszerkezetek-felulvizsgalatanak-fontossaga\/\",\"url\":\"https:\/\/ecocranes.hu\/az-emeloszerkezetek-felulvizsgalatanak-fontossaga\/\",\"name\":\"Az emel\u0151szerkezetek fel\u00fclvizsg\u00e1lat\u00e1nak fontoss\u00e1ga\",\"isPartOf\":{\"@id\":\"https:\/\/ecocranes.hu\/#website\"},\"primaryImageOfPage\":{\"@id\":\"https:\/\/ecocranes.hu\/az-emeloszerkezetek-felulvizsgalatanak-fontossaga\/#primaryimage\"},\"image\":{\"@id\":\"https:\/\/ecocranes.hu\/az-emeloszerkezetek-felulvizsgalatanak-fontossaga\/#primaryimage\"},\"thumbnailUrl\":\"https:\/\/ecocranes.hu\/wp-content\/uploads\/2021\/04\/korulkeritett_teru_teheremelok_004.jpg\",\"datePublished\":\"2025-10-30T15:27:40+00:00\",\"description\":\"Az emel\u0151szerkezetek folyamatos, szabv\u00e1nyok szerinti fel\u00fclvizsg\u00e1latainak elv\u00e9gz\u00e9se els\u0151dleges fontoss\u00e1g\u00fa a hat\u00e9kony, biztons\u00e1gos m\u0171k\u00f6d\u00e9shez.\",\"breadcrumb\":{\"@id\":\"https:\/\/ecocranes.hu\/az-emeloszerkezetek-felulvizsgalatanak-fontossaga\/#breadcrumb\"},\"inLanguage\":\"ro-RO\",\"potentialAction\":[{\"@type\":\"ReadAction\",\"target\":[\"https:\/\/ecocranes.hu\/az-emeloszerkezetek-felulvizsgalatanak-fontossaga\/\"]}],\"speakable\":{\"@type\":\"SpeakableSpecification\",\"cssSelector\":[\"h1\",\".elementor-widget-text-editor\"]}},{\"@type\":\"ImageObject\",\"inLanguage\":\"ro-RO\",\"@id\":\"https:\/\/ecocranes.hu\/az-emeloszerkezetek-felulvizsgalatanak-fontossaga\/#primaryimage\",\"url\":\"https:\/\/ecocranes.hu\/wp-content\/uploads\/2021\/04\/korulkeritett_teru_teheremelok_004.jpg\",\"contentUrl\":\"https:\/\/ecocranes.hu\/wp-content\/uploads\/2021\/04\/korulkeritett_teru_teheremelok_004.jpg\",\"width\":768,\"height\":1024,\"caption\":\"K\u00f6r\u00fclker\u00edtett ter\u0171 teheremel\u0151k beszerel\u00e9s (munkav\u00e9delmi sisak) - Eco-Cranes\"},{\"@type\":\"BreadcrumbList\",\"@id\":\"https:\/\/ecocranes.hu\/az-emeloszerkezetek-felulvizsgalatanak-fontossaga\/#breadcrumb\",\"itemListElement\":[{\"@type\":\"ListItem\",\"position\":1,\"name\":\"Home\",\"item\":\"https:\/\/ecocranes.hu\/en\/\"},{\"@type\":\"ListItem\",\"position\":2,\"name\":\"Az emel\u0151szerkezetek fel\u00fclvizsg\u00e1lat\u00e1nak fontoss\u00e1ga\"}]},{\"@type\":\"WebSite\",\"@id\":\"https:\/\/ecocranes.hu\/#website\",\"url\":\"https:\/\/ecocranes.hu\/\",\"name\":\"Eco-Cranes\",\"description\":\"Daruk \u00e9s emel\u0151g\u00e9pek\",\"publisher\":{\"@id\":\"https:\/\/ecocranes.hu\/#organization\"},\"potentialAction\":[{\"@type\":\"SearchAction\",\"target\":{\"@type\":\"EntryPoint\",\"urlTemplate\":\"https:\/\/ecocranes.hu\/?s={search_term_string}\"},\"query-input\":{\"@type\":\"PropertyValueSpecification\",\"valueRequired\":true,\"valueName\":\"search_term_string\"}}],\"inLanguage\":\"ro-RO\"},{\"@type\":\"Organization\",\"@id\":\"https:\/\/ecocranes.hu\/#organization\",\"name\":\"Eco-Cranes\",\"url\":\"https:\/\/ecocranes.hu\/\",\"logo\":{\"@type\":\"ImageObject\",\"inLanguage\":\"ro-RO\",\"@id\":\"https:\/\/ecocranes.hu\/#\/schema\/logo\/image\/\",\"url\":\"https:\/\/ecocranes.hu\/wp-content\/uploads\/2025\/09\/eco-cranes-logo.png\",\"contentUrl\":\"https:\/\/ecocranes.hu\/wp-content\/uploads\/2025\/09\/eco-cranes-logo.png\",\"width\":180,\"height\":18,\"caption\":\"Eco-Cranes\"},\"image\":{\"@id\":\"https:\/\/ecocranes.hu\/#\/schema\/logo\/image\/\"},\"sameAs\":[\"https:\/\/www.facebook.com\/ecocranes\"],\"address\":{\"@type\":\"PostalAddress\",\"streetAddress\":\"Ybl Mikl\u00f3s utca 42.\",\"addressLocality\":\"F\u00f3t\",\"postalCode\":\"2151\",\"addressCountry\":\"HU\"},\"geo\":{\"@type\":\"GeoCoordinates\",\"latitude\":47.61583300000000207319317269138991832733154296875,\"longitude\":19.181837000000001580701791681349277496337890625},\"openingHoursSpecification\":[{\"@type\":\"OpeningHoursSpecification\",\"dayOfWeek\":[\"Monday\",\"Tuesday\",\"Wednesday\",\"Thursday\",\"Friday\"],\"opens\":\"08:00\",\"closes\":\"17:00\"}],\"description\":\"Daruk, h\u00edddaruk, forg\u00f3daruk \u00e9s hidraulikus emel\u0151asztalok tervez\u00e9se, gy\u00e1rt\u00e1sa, telep\u00edt\u00e9se, szervize \u00e9s id\u0151szakos vizsg\u00e1lata.\",\"email\":\"info@ecocranes.hu\",\"telephone\":\"+36 27 360823\",\"legalName\":\"ECO-CRANES HUNGARY Daruk \u00e9s Emel\u0151g\u00e9pek Korl\u00e1tolt Felel\u0151ss\u00e9g\u0171 T\u00e1rsas\u00e1g\",\"vatID\":\"11912606-2-13\"},{\"@type\":\"Person\",\"@id\":\"https:\/\/ecocranes.hu\/#\/schema\/person\/313efb4c05acc39796b4c6dbd501f01d\",\"name\":\"eco.-admin\",\"image\":{\"@type\":\"ImageObject\",\"inLanguage\":\"ro-RO\",\"@id\":\"https:\/\/ecocranes.hu\/#\/schema\/person\/image\/\",\"url\":\"https:\/\/secure.gravatar.com\/avatar\/6f17916a31d634303d44a76de03b51e7eb11a9cfeaf3cefb8caf9b7d770eac89?s=96&d=mm&r=g\",\"contentUrl\":\"https:\/\/secure.gravatar.com\/avatar\/6f17916a31d634303d44a76de03b51e7eb11a9cfeaf3cefb8caf9b7d770eac89?s=96&d=mm&r=g\",\"caption\":\"eco.-admin\"},\"sameAs\":[\"https:\/\/ecocranes.hu\"],\"url\":\"https:\/\/ecocranes.hu\/ro\/author\/eco-admin\/\"}]}<\/script>\n<!-- \/ Yoast SEO Premium plugin. -->","yoast_head_json":{"title":"Importan\u021ba verific\u0103rii dispozitivelor de ridicare","description":"Az emel\u0151szerkezetek folyamatos, szabv\u00e1nyok szerinti fel\u00fclvizsg\u00e1latainak elv\u00e9gz\u00e9se els\u0151dleges fontoss\u00e1g\u00fa a hat\u00e9kony, biztons\u00e1gos m\u0171k\u00f6d\u00e9shez.","robots":{"index":"index","follow":"follow","max-snippet":"max-snippet:-1","max-image-preview":"max-image-preview:large","max-video-preview":"max-video-preview:-1"},"canonical":"https:\/\/ecocranes.hu\/ro\/az-emeloszerkezetek-felulvizsgalatanak-fontossaga\/","og_locale":"ro_RO","og_type":"article","og_title":"Az emel\u0151szerkezetek fel\u00fclvizsg\u00e1lat\u00e1nak fontoss\u00e1ga","og_description":"Az emel\u0151szerkezetek folyamatos, szabv\u00e1nyok szerinti fel\u00fclvizsg\u00e1latainak elv\u00e9gz\u00e9se els\u0151dleges fontoss\u00e1g\u00fa a hat\u00e9kony, biztons\u00e1gos \u00e9s az el\u0151\u00edr\u00e1soknak megfelel\u0151 m\u0171k\u00f6d\u00e9shez.","og_url":"https:\/\/ecocranes.hu\/ro\/az-emeloszerkezetek-felulvizsgalatanak-fontossaga\/","og_site_name":"Eco-Cranes","article_publisher":"https:\/\/www.facebook.com\/ecocranes","article_published_time":"2025-10-30T15:27:40+00:00","og_image":[{"width":768,"height":1024,"url":"https:\/\/ecocranes.hu\/wp-content\/uploads\/2021\/04\/korulkeritett_teru_teheremelok_004.jpg","type":"image\/jpeg"}],"author":"eco.-admin","twitter_card":"summary_large_image","twitter_misc":{"Scris de":"eco.-admin","Timp estimat pentru citire":"3 minute"},"schema":{"@context":"https:\/\/schema.org","@graph":[{"@type":"Article","@id":"https:\/\/ecocranes.hu\/az-emeloszerkezetek-felulvizsgalatanak-fontossaga\/#article","isPartOf":{"@id":"https:\/\/ecocranes.hu\/az-emeloszerkezetek-felulvizsgalatanak-fontossaga\/"},"author":{"name":"eco.-admin","@id":"https:\/\/ecocranes.hu\/#\/schema\/person\/313efb4c05acc39796b4c6dbd501f01d"},"headline":"Az emel\u0151szerkezetek fel\u00fclvizsg\u00e1lat\u00e1nak fontoss\u00e1ga","datePublished":"2025-10-30T15:27:40+00:00","mainEntityOfPage":{"@id":"https:\/\/ecocranes.hu\/az-emeloszerkezetek-felulvizsgalatanak-fontossaga\/"},"wordCount":626,"publisher":{"@id":"https:\/\/ecocranes.hu\/#organization"},"image":{"@id":"https:\/\/ecocranes.hu\/az-emeloszerkezetek-felulvizsgalatanak-fontossaga\/#primaryimage"},"thumbnailUrl":"https:\/\/ecocranes.hu\/wp-content\/uploads\/2021\/04\/korulkeritett_teru_teheremelok_004.jpg","keywords":["emel\u00e9stechnika","vizsg\u00e1lat"],"articleSection":["H\u00edrek, cikkek"],"inLanguage":"ro-RO"},{"@type":"WebPage","@id":"https:\/\/ecocranes.hu\/az-emeloszerkezetek-felulvizsgalatanak-fontossaga\/","url":"https:\/\/ecocranes.hu\/az-emeloszerkezetek-felulvizsgalatanak-fontossaga\/","name":"Importan\u021ba verific\u0103rii dispozitivelor de ridicare","isPartOf":{"@id":"https:\/\/ecocranes.hu\/#website"},"primaryImageOfPage":{"@id":"https:\/\/ecocranes.hu\/az-emeloszerkezetek-felulvizsgalatanak-fontossaga\/#primaryimage"},"image":{"@id":"https:\/\/ecocranes.hu\/az-emeloszerkezetek-felulvizsgalatanak-fontossaga\/#primaryimage"},"thumbnailUrl":"https:\/\/ecocranes.hu\/wp-content\/uploads\/2021\/04\/korulkeritett_teru_teheremelok_004.jpg","datePublished":"2025-10-30T15:27:40+00:00","description":"Az emel\u0151szerkezetek folyamatos, szabv\u00e1nyok szerinti fel\u00fclvizsg\u00e1latainak elv\u00e9gz\u00e9se els\u0151dleges fontoss\u00e1g\u00fa a hat\u00e9kony, biztons\u00e1gos m\u0171k\u00f6d\u00e9shez.","breadcrumb":{"@id":"https:\/\/ecocranes.hu\/az-emeloszerkezetek-felulvizsgalatanak-fontossaga\/#breadcrumb"},"inLanguage":"ro-RO","potentialAction":[{"@type":"ReadAction","target":["https:\/\/ecocranes.hu\/az-emeloszerkezetek-felulvizsgalatanak-fontossaga\/"]}],"speakable":{"@type":"SpeakableSpecification","cssSelector":["h1",".elementor-widget-text-editor"]}},{"@type":"ImageObject","inLanguage":"ro-RO","@id":"https:\/\/ecocranes.hu\/az-emeloszerkezetek-felulvizsgalatanak-fontossaga\/#primaryimage","url":"https:\/\/ecocranes.hu\/wp-content\/uploads\/2021\/04\/korulkeritett_teru_teheremelok_004.jpg","contentUrl":"https:\/\/ecocranes.hu\/wp-content\/uploads\/2021\/04\/korulkeritett_teru_teheremelok_004.jpg","width":768,"height":1024,"caption":"K\u00f6r\u00fclker\u00edtett ter\u0171 teheremel\u0151k beszerel\u00e9s (munkav\u00e9delmi sisak) - Eco-Cranes"},{"@type":"BreadcrumbList","@id":"https:\/\/ecocranes.hu\/az-emeloszerkezetek-felulvizsgalatanak-fontossaga\/#breadcrumb","itemListElement":[{"@type":"ListItem","position":1,"name":"Home","item":"https:\/\/ecocranes.hu\/en\/"},{"@type":"ListItem","position":2,"name":"Az emel\u0151szerkezetek fel\u00fclvizsg\u00e1lat\u00e1nak fontoss\u00e1ga"}]},{"@type":"WebSite","@id":"https:\/\/ecocranes.hu\/#website","url":"https:\/\/ecocranes.hu\/","name":"Eco-Cranes","description":"Macarale \u0219i utilaje de ridicare","publisher":{"@id":"https:\/\/ecocranes.hu\/#organization"},"potentialAction":[{"@type":"SearchAction","target":{"@type":"EntryPoint","urlTemplate":"https:\/\/ecocranes.hu\/?s={search_term_string}"},"query-input":{"@type":"PropertyValueSpecification","valueRequired":true,"valueName":"search_term_string"}}],"inLanguage":"ro-RO"},{"@type":"Organization","@id":"https:\/\/ecocranes.hu\/#organization","name":"Eco-Cranes","url":"https:\/\/ecocranes.hu\/","logo":{"@type":"ImageObject","inLanguage":"ro-RO","@id":"https:\/\/ecocranes.hu\/#\/schema\/logo\/image\/","url":"https:\/\/ecocranes.hu\/wp-content\/uploads\/2025\/09\/eco-cranes-logo.png","contentUrl":"https:\/\/ecocranes.hu\/wp-content\/uploads\/2025\/09\/eco-cranes-logo.png","width":180,"height":18,"caption":"Eco-Cranes"},"image":{"@id":"https:\/\/ecocranes.hu\/#\/schema\/logo\/image\/"},"sameAs":["https:\/\/www.facebook.com\/ecocranes"],"address":{"@type":"PostalAddress","streetAddress":"Ybl Mikl\u00f3s utca 42.","addressLocality":"F\u00f3t","postalCode":"2151","addressCountry":"HU"},"geo":{"@type":"GeoCoordinates","latitude":47.61583300000000207319317269138991832733154296875,"longitude":19.181837000000001580701791681349277496337890625},"openingHoursSpecification":[{"@type":"OpeningHoursSpecification","dayOfWeek":["Monday","Tuesday","Wednesday","Thursday","Friday"],"opens":"08:00","closes":"17:00"}],"description":"Daruk, h\u00edddaruk, forg\u00f3daruk \u00e9s hidraulikus emel\u0151asztalok tervez\u00e9se, gy\u00e1rt\u00e1sa, telep\u00edt\u00e9se, szervize \u00e9s id\u0151szakos vizsg\u00e1lata.","email":"info@ecocranes.hu","telephone":"+36 27 360823","legalName":"ECO-CRANES HUNGARY Daruk \u00e9s Emel\u0151g\u00e9pek Korl\u00e1tolt Felel\u0151ss\u00e9g\u0171 T\u00e1rsas\u00e1g","vatID":"11912606-2-13"},{"@type":"Person","@id":"https:\/\/ecocranes.hu\/#\/schema\/person\/313efb4c05acc39796b4c6dbd501f01d","name":"eco.-admin","image":{"@type":"ImageObject","inLanguage":"ro-RO","@id":"https:\/\/ecocranes.hu\/#\/schema\/person\/image\/","url":"https:\/\/secure.gravatar.com\/avatar\/6f17916a31d634303d44a76de03b51e7eb11a9cfeaf3cefb8caf9b7d770eac89?s=96&d=mm&r=g","contentUrl":"https:\/\/secure.gravatar.com\/avatar\/6f17916a31d634303d44a76de03b51e7eb11a9cfeaf3cefb8caf9b7d770eac89?s=96&d=mm&r=g","caption":"eco.-admin"},"sameAs":["https:\/\/ecocranes.hu"],"url":"https:\/\/ecocranes.hu\/ro\/author\/eco-admin\/"}]}},"_links":{"self":[{"href":"https:\/\/ecocranes.hu\/ro\/wp-json\/wp\/v2\/posts\/7950","targetHints":{"allow":["GET"]}}],"collection":[{"href":"https:\/\/ecocranes.hu\/ro\/wp-json\/wp\/v2\/posts"}],"about":[{"href":"https:\/\/ecocranes.hu\/ro\/wp-json\/wp\/v2\/types\/post"}],"author":[{"embeddable":true,"href":"https:\/\/ecocranes.hu\/ro\/wp-json\/wp\/v2\/users\/1"}],"replies":[{"embeddable":true,"href":"https:\/\/ecocranes.hu\/ro\/wp-json\/wp\/v2\/comments?post=7950"}],"version-history":[{"count":0,"href":"https:\/\/ecocranes.hu\/ro\/wp-json\/wp\/v2\/posts\/7950\/revisions"}],"wp:featuredmedia":[{"embeddable":true,"href":"https:\/\/ecocranes.hu\/ro\/wp-json\/wp\/v2\/media\/5875"}],"wp:attachment":[{"href":"https:\/\/ecocranes.hu\/ro\/wp-json\/wp\/v2\/media?parent=7950"}],"wp:term":[{"taxonomy":"category","embeddable":true,"href":"https:\/\/ecocranes.hu\/ro\/wp-json\/wp\/v2\/categories?post=7950"},{"taxonomy":"post_tag","embeddable":true,"href":"https:\/\/ecocranes.hu\/ro\/wp-json\/wp\/v2\/tags?post=7950"}],"curies":[{"name":"wp","href":"https:\/\/api.w.org\/{rel}","templated":true}]}}