{"id":7266,"date":"2025-08-03T14:12:17","date_gmt":"2025-08-03T12:12:17","guid":{"rendered":"https:\/\/ecocranes.hu\/teherliftek-felhasznalasi-teruletei-es-elonyei\/"},"modified":"2025-10-13T16:42:50","modified_gmt":"2025-10-13T14:42:50","slug":"teherliftek-felhasznalasi-teruletei-es-elonyei","status":"publish","type":"post","link":"https:\/\/ecocranes.hu\/ro\/teherliftek-felhasznalasi-teruletei-es-elonyei\/","title":{"rendered":"Domeniile de aplicare \u0219i avantajele ascensoarelor de marf\u0103"},"content":{"rendered":"<p><strong>Dispozitivele de ridicare a sarcinilor \u0219i lifturile de marf\u0103 pot fi utilizate \u00een numeroase domenii industriale, deoarece faciliteaz\u0103 \u0219i accelereaz\u0103 semnificativ procesele de manipulare a materialelor \u0219i opera\u021biunile logistice. \u00cen articolul nostru v\u0103 prezent\u0103m \u00een ce tipuri de instala\u021bii merit\u0103 s\u0103 instala\u021bi aceste echipamente \u0219i care sunt avantajele utiliz\u0103rii lor.<\/strong><\/p>\n<p>Ascensoarele de marf\u0103 f\u0103r\u0103 pu\u021b pot fi adaptate foarte u\u0219or la cerin\u021bele specifice impuse de spa\u021biul de lucru \u0219i de procesele de lucru; \u00een plus, dup\u0103 efectuarea unei evalu\u0103ri adecvate, acestea pot fi fabricate \u0219i instalate \u00eentr-un timp scurt. <strong>Un lift de marf\u0103 proiectat corespunz\u0103tor poate spori \u00een mare m\u0103sur\u0103 eficien\u021ba \u0219i siguran\u021ba.<\/strong> S\u0103 vedem unde pot fi utilizate aceste instrumente cu adev\u0103rat eficient \u0219i ce avantaje ofer\u0103.<\/p>\n<h2><strong>Domenii de aplicare<\/strong><\/h2>\n<p>Disponibil cu diverse tipuri de ac\u021bionare, cu o \u00een\u0103l\u021bime de ridicare de p\u00e2n\u0103 la 6 metri \u0219i o capacitate de \u00eenc\u0103rcare de p\u00e2n\u0103 la 10 tone, f\u0103r\u0103 pu\u021b <strong>ascensoarele de marf\u0103 pot fi utilizate cu succes at\u00e2t \u00een instala\u021biile industriale, c\u00e2t \u0219i \u00een cele comerciale<\/strong>:<\/p>\n<ul>\n<li><em>Unit\u0103\u021bi de produc\u021bie:<\/em> Prin utilizarea lifturilor de marf\u0103 se poate accelera transportul materialelor folosite \u00een produc\u021bie \u00eentre sta\u021biile de lucru \u0219i spa\u021biile destinate depozit\u0103rii. Se pot reduce timpii de sta\u021bionare \u0219i se pot optimiza procesele de produc\u021bie.<\/li>\n<li><em>Depozite \u0219i centre de distribu\u021bie:<\/em> va fi posibil\u0103 transportarea obiectelor grele, <a href=\"https:\/\/ecocranes.hu\/ro\/raklapokkal-konnyebb-az-anyagmozgatas\/\">palete<\/a>, transportul rapid \u0219i sigur al cutiilor \u00eentre etaje, \u00eembun\u0103t\u0103\u021bind productivitatea acestor unit\u0103\u021bi.<\/li>\n<li><em>Magazine de v\u00e2nzare cu am\u0103nuntul \u0219i centre comerciale: <\/em>Dispozitivele de ridicare a \u00eenc\u0103rc\u0103turilor instalate \u00eentre depozit \u0219i spa\u021biul de v\u00e2nzare contribuie la transportul rapid \u0219i \u00een cantit\u0103\u021bi mari al m\u0103rfurilor, reduc\u00e2nd la minimum necesitatea for\u021bei umane.<\/li>\n<\/ul>\n<h2><strong>Avantajele lifturilor de marf\u0103<\/strong><\/h2>\n<p>Instalarea unui lift de marf\u0103 poate aduce numeroase avantaje \u00eentreprinderilor. <strong>Viteza, eficien\u021ba \u0219i productivitatea proceselor legate de manipularea materialelor sunt \u00een cre\u0219tere, iar \u00een acela\u0219i timp se poate reduce timpul de inactivitate al unit\u0103\u021bilor de produc\u021bie.<\/strong> Deoarece transportul m\u0103rfurilor \u00eentre etaje devine mai simplu, se poate realiza optimizarea proceselor logistice din interiorul cl\u0103dirii \u0219i \u00eentre posturile de lucru.<\/p>\n<blockquote>\n<p>Datorit\u0103 func\u021biilor de siguran\u021b\u0103 instalate \u00een ascensoare, manipularea \u0219i transportul m\u0103rfurilor grele vor prezenta un risc mai redus de accidente.<\/p>\n<\/blockquote>\n<p>Angaja\u021bii nu numai c\u0103 petrec mai pu\u021bin timp cu transportul, dar pot muta obiecte grele \u0219i voluminoase \u00eentre etajele cl\u0103dirilor mai u\u0219or, mai rapid \u0219i cu un efort fizic mai redus, ceea ce <strong>se poate reduce \u0219i mai mult probabilitatea apari\u021biei situa\u021biilor care prezint\u0103 risc de accident<\/strong>.<\/p>\n<h2><strong>Macarale cu gard de protec\u021bie de la Eco Cranes<\/strong><\/h2>\n<p>Eco Cranes este deja o companie mare <a href=\"https:\/\/ecocranes.hu\/ro\/ujabb-elegedett-ugyfel-teheremelo-tervezes-es-telepites\/\">are experien\u021b\u0103<\/a> \u00een proiectarea dispozitivelor de ridicare a \u00eenc\u0103rc\u0103turilor, a ascensoarelor de marf\u0103 \u0219i a lifturilor de marf\u0103, <a href=\"https:\/\/ecocranes.hu\/ro\/teherfelvonok-teherliftek-kialakitasanak-gyakorlata\/\">\u00een produc\u021bia \u0219i instalarea acestuia<\/a> \u0219i punerea \u00een func\u021biune a acestora, av\u00e2nd la activ numeroase proiecte de succes.<\/p>\n<p>\u00cen plus, oferim asisten\u021b\u0103 complet\u0103 \u0219i pentru instala\u021biile deja func\u021bionale, deoarece echipa noastr\u0103 se ocup\u0103 at\u00e2t de inspec\u021biile periodice de siguran\u021b\u0103, c\u00e2t \u0219i de lucr\u0103rile de \u00eentre\u021binere.<\/p>\n<p>Dac\u0103 inten\u021biona\u021bi s\u0103 instala\u021bi un dispozitiv de ridicare a \u00eenc\u0103rc\u0103turilor sau un lift, beneficiind de o execu\u021bie profesionist\u0103 \u0219i rapid\u0103, atunci nu ezita\u021bi s\u0103 <a href=\"https:\/\/ecocranes.hu\/ro\/kapcsolat\/\">c\u0103uta\u021bi<\/a> pe noi!<\/p>","protected":false},"excerpt":{"rendered":"<p>A teheremel\u0151k \u00e9s teherliftek sz\u00e1mos ipari ter\u00fcleten alkalmazhat\u00f3ak, mivel jelent\u0151sen k\u00f6nnyebb\u00e9 teszik \u00e9s felgyors\u00edtj\u00e1k az anyagmozgat\u00e1si folyamatokat \u00e9s a logisztikai m\u0171veleteket. Bejegyz\u00e9s\u00fcnkben azt mutatjuk be, hogy milyen l\u00e9tes\u00edtm\u00e9nyekben \u00e9rdemes telep\u00edteni ezeket a szerkezeteket \u00e9s milyen el\u0151ny\u00f6kkel j\u00e1r a haszn\u00e1latuk. Az akna n\u00e9lk\u00fcli teherfelvon\u00f3k vagy teherliftek nagyon k\u00f6nnyen testre szabhat\u00f3ak a munkater\u00fclet \u00e9s a munkafolyamatok t\u00e1masztotta [&hellip;]<\/p>\n","protected":false},"author":1,"featured_media":7267,"comment_status":"open","ping_status":"open","sticky":false,"template":"","format":"standard","meta":{"_acf_changed":false,"footnotes":""},"categories":[102,114],"tags":[129,127],"class_list":["post-7266","post","type-post","status-publish","format-standard","has-post-thumbnail","hentry","category-hirek-cikkek","category-szolgaltatasaink","tag-emelestechnika","tag-teherlift","has-thumb"],"acf":[],"yoast_head":"<!-- This site is optimized with the Yoast SEO Premium plugin v26.2 (Yoast SEO v26.6) - https:\/\/yoast.com\/wordpress\/plugins\/seo\/ -->\n<title>Teherliftek felhaszn\u00e1l\u00e1si ter\u00fcletei \u00e9s el\u0151nyei - Eco-Cranes<\/title>\n<meta name=\"description\" content=\"A teheremel\u0151k \u00e9s teherliftek sz\u00e1mos ipari ter\u00fcleten alkalmazhat\u00f3ak, mivel jelent\u0151sen k\u00f6nnyebb\u00e9 teszik \u00e9s felgyors\u00edtj\u00e1k az anyagmozgat\u00e1si folyamatokat \u00e9s a\u2026\" \/>\n<meta name=\"robots\" content=\"index, follow, max-snippet:-1, max-image-preview:large, max-video-preview:-1\" \/>\n<link rel=\"canonical\" href=\"https:\/\/ecocranes.hu\/ro\/teherliftek-felhasznalasi-teruletei-es-elonyei\/\" \/>\n<meta property=\"og:locale\" content=\"ro_RO\" \/>\n<meta property=\"og:type\" content=\"article\" \/>\n<meta property=\"og:title\" content=\"Teherliftek felhaszn\u00e1l\u00e1si ter\u00fcletei \u00e9s el\u0151nyei\" \/>\n<meta property=\"og:description\" content=\"A teheremel\u0151k \u00e9s teherliftek sz\u00e1mos ipari ter\u00fcleten alkalmazhat\u00f3ak, mivel jelent\u0151sen k\u00f6nnyebb\u00e9 teszik \u00e9s felgyors\u00edtj\u00e1k az anyagmozgat\u00e1si folyamatokat \u00e9s a\u2026\" \/>\n<meta property=\"og:url\" content=\"https:\/\/ecocranes.hu\/ro\/teherliftek-felhasznalasi-teruletei-es-elonyei\/\" \/>\n<meta property=\"og:site_name\" content=\"Eco-Cranes\" \/>\n<meta property=\"article:publisher\" content=\"https:\/\/www.facebook.com\/ecocranes\" \/>\n<meta property=\"article:published_time\" content=\"2025-08-03T12:12:17+00:00\" \/>\n<meta property=\"article:modified_time\" content=\"2025-10-13T14:42:50+00:00\" \/>\n<meta property=\"og:image\" content=\"https:\/\/ecocranes.hu\/wp-content\/uploads\/2025\/10\/ecocranes_korulkeritett_teru_teheremelo_20210525-9.jpg\" \/>\n\t<meta property=\"og:image:width\" content=\"800\" \/>\n\t<meta property=\"og:image:height\" content=\"1201\" \/>\n\t<meta property=\"og:image:type\" content=\"image\/jpeg\" \/>\n<meta name=\"author\" content=\"eco.-admin\" \/>\n<meta name=\"twitter:card\" content=\"summary_large_image\" \/>\n<meta name=\"twitter:label1\" content=\"Scris de\" \/>\n\t<meta name=\"twitter:data1\" content=\"eco.-admin\" \/>\n\t<meta name=\"twitter:label2\" content=\"Timp estimat pentru citire\" \/>\n\t<meta name=\"twitter:data2\" content=\"3 minute\" \/>\n<script type=\"application\/ld+json\" class=\"yoast-schema-graph\">{\"@context\":\"https:\/\/schema.org\",\"@graph\":[{\"@type\":\"Article\",\"@id\":\"https:\/\/ecocranes.hu\/teherliftek-felhasznalasi-teruletei-es-elonyei\/#article\",\"isPartOf\":{\"@id\":\"https:\/\/ecocranes.hu\/teherliftek-felhasznalasi-teruletei-es-elonyei\/\"},\"author\":{\"name\":\"eco.-admin\",\"@id\":\"https:\/\/ecocranes.hu\/#\/schema\/person\/313efb4c05acc39796b4c6dbd501f01d\"},\"headline\":\"Teherliftek felhaszn\u00e1l\u00e1si ter\u00fcletei \u00e9s el\u0151nyei\",\"datePublished\":\"2025-08-03T12:12:17+00:00\",\"dateModified\":\"2025-10-13T14:42:50+00:00\",\"mainEntityOfPage\":{\"@id\":\"https:\/\/ecocranes.hu\/teherliftek-felhasznalasi-teruletei-es-elonyei\/\"},\"wordCount\":635,\"commentCount\":0,\"publisher\":{\"@id\":\"https:\/\/ecocranes.hu\/#organization\"},\"image\":{\"@id\":\"https:\/\/ecocranes.hu\/teherliftek-felhasznalasi-teruletei-es-elonyei\/#primaryimage\"},\"thumbnailUrl\":\"https:\/\/ecocranes.hu\/wp-content\/uploads\/2025\/10\/ecocranes_korulkeritett_teru_teheremelo_20210525-9.jpg\",\"keywords\":[\"emel\u00e9stechnika\",\"teherlift\"],\"articleSection\":[\"H\u00edrek, cikkek\",\"Szolg\u00e1ltat\u00e1saink\"],\"inLanguage\":\"ro-RO\",\"potentialAction\":[{\"@type\":\"CommentAction\",\"name\":\"Comment\",\"target\":[\"https:\/\/ecocranes.hu\/teherliftek-felhasznalasi-teruletei-es-elonyei\/#respond\"]}]},{\"@type\":\"WebPage\",\"@id\":\"https:\/\/ecocranes.hu\/teherliftek-felhasznalasi-teruletei-es-elonyei\/\",\"url\":\"https:\/\/ecocranes.hu\/teherliftek-felhasznalasi-teruletei-es-elonyei\/\",\"name\":\"Teherliftek felhaszn\u00e1l\u00e1si ter\u00fcletei \u00e9s el\u0151nyei - Eco-Cranes\",\"isPartOf\":{\"@id\":\"https:\/\/ecocranes.hu\/#website\"},\"primaryImageOfPage\":{\"@id\":\"https:\/\/ecocranes.hu\/teherliftek-felhasznalasi-teruletei-es-elonyei\/#primaryimage\"},\"image\":{\"@id\":\"https:\/\/ecocranes.hu\/teherliftek-felhasznalasi-teruletei-es-elonyei\/#primaryimage\"},\"thumbnailUrl\":\"https:\/\/ecocranes.hu\/wp-content\/uploads\/2025\/10\/ecocranes_korulkeritett_teru_teheremelo_20210525-9.jpg\",\"datePublished\":\"2025-08-03T12:12:17+00:00\",\"dateModified\":\"2025-10-13T14:42:50+00:00\",\"description\":\"A teheremel\u0151k \u00e9s teherliftek sz\u00e1mos ipari ter\u00fcleten alkalmazhat\u00f3ak, mivel jelent\u0151sen k\u00f6nnyebb\u00e9 teszik \u00e9s felgyors\u00edtj\u00e1k az anyagmozgat\u00e1si folyamatokat \u00e9s a\u2026\",\"breadcrumb\":{\"@id\":\"https:\/\/ecocranes.hu\/teherliftek-felhasznalasi-teruletei-es-elonyei\/#breadcrumb\"},\"inLanguage\":\"ro-RO\",\"potentialAction\":[{\"@type\":\"ReadAction\",\"target\":[\"https:\/\/ecocranes.hu\/teherliftek-felhasznalasi-teruletei-es-elonyei\/\"]}],\"speakable\":{\"@type\":\"SpeakableSpecification\",\"cssSelector\":[\"h1\",\".elementor-widget-text-editor\"]}},{\"@type\":\"ImageObject\",\"inLanguage\":\"ro-RO\",\"@id\":\"https:\/\/ecocranes.hu\/teherliftek-felhasznalasi-teruletei-es-elonyei\/#primaryimage\",\"url\":\"https:\/\/ecocranes.hu\/wp-content\/uploads\/2025\/10\/ecocranes_korulkeritett_teru_teheremelo_20210525-9.jpg\",\"contentUrl\":\"https:\/\/ecocranes.hu\/wp-content\/uploads\/2025\/10\/ecocranes_korulkeritett_teru_teheremelo_20210525-9.jpg\",\"width\":800,\"height\":1201,\"caption\":\"Eco-Cranes p\u00f3diumtervez\u00e9s \u00e9s gy\u00e1rt\u00e1s \u2013 ecocranes korulkeritett teru teheremelo 20210525 9\"},{\"@type\":\"BreadcrumbList\",\"@id\":\"https:\/\/ecocranes.hu\/teherliftek-felhasznalasi-teruletei-es-elonyei\/#breadcrumb\",\"itemListElement\":[{\"@type\":\"ListItem\",\"position\":1,\"name\":\"Home\",\"item\":\"https:\/\/ecocranes.hu\/en\/\"},{\"@type\":\"ListItem\",\"position\":2,\"name\":\"Teherliftek felhaszn\u00e1l\u00e1si ter\u00fcletei \u00e9s el\u0151nyei\"}]},{\"@type\":\"WebSite\",\"@id\":\"https:\/\/ecocranes.hu\/#website\",\"url\":\"https:\/\/ecocranes.hu\/\",\"name\":\"Eco-Cranes\",\"description\":\"Daruk \u00e9s emel\u0151g\u00e9pek\",\"publisher\":{\"@id\":\"https:\/\/ecocranes.hu\/#organization\"},\"potentialAction\":[{\"@type\":\"SearchAction\",\"target\":{\"@type\":\"EntryPoint\",\"urlTemplate\":\"https:\/\/ecocranes.hu\/?s={search_term_string}\"},\"query-input\":{\"@type\":\"PropertyValueSpecification\",\"valueRequired\":true,\"valueName\":\"search_term_string\"}}],\"inLanguage\":\"ro-RO\"},{\"@type\":\"Organization\",\"@id\":\"https:\/\/ecocranes.hu\/#organization\",\"name\":\"Eco-Cranes\",\"url\":\"https:\/\/ecocranes.hu\/\",\"logo\":{\"@type\":\"ImageObject\",\"inLanguage\":\"ro-RO\",\"@id\":\"https:\/\/ecocranes.hu\/#\/schema\/logo\/image\/\",\"url\":\"https:\/\/ecocranes.hu\/wp-content\/uploads\/2025\/09\/eco-cranes-logo.png\",\"contentUrl\":\"https:\/\/ecocranes.hu\/wp-content\/uploads\/2025\/09\/eco-cranes-logo.png\",\"width\":180,\"height\":18,\"caption\":\"Eco-Cranes\"},\"image\":{\"@id\":\"https:\/\/ecocranes.hu\/#\/schema\/logo\/image\/\"},\"sameAs\":[\"https:\/\/www.facebook.com\/ecocranes\"],\"address\":{\"@type\":\"PostalAddress\",\"streetAddress\":\"Ybl Mikl\u00f3s utca 42.\",\"addressLocality\":\"F\u00f3t\",\"postalCode\":\"2151\",\"addressCountry\":\"HU\"},\"geo\":{\"@type\":\"GeoCoordinates\",\"latitude\":47.61583300000000207319317269138991832733154296875,\"longitude\":19.181837000000001580701791681349277496337890625},\"openingHoursSpecification\":[{\"@type\":\"OpeningHoursSpecification\",\"dayOfWeek\":[\"Monday\",\"Tuesday\",\"Wednesday\",\"Thursday\",\"Friday\"],\"opens\":\"08:00\",\"closes\":\"17:00\"}],\"description\":\"Daruk, h\u00edddaruk, forg\u00f3daruk \u00e9s hidraulikus emel\u0151asztalok tervez\u00e9se, gy\u00e1rt\u00e1sa, telep\u00edt\u00e9se, szervize \u00e9s id\u0151szakos vizsg\u00e1lata.\",\"email\":\"info@ecocranes.hu\",\"telephone\":\"+36 27 360823\",\"legalName\":\"ECO-CRANES HUNGARY Daruk \u00e9s Emel\u0151g\u00e9pek Korl\u00e1tolt Felel\u0151ss\u00e9g\u0171 T\u00e1rsas\u00e1g\",\"vatID\":\"11912606-2-13\"},{\"@type\":\"Person\",\"@id\":\"https:\/\/ecocranes.hu\/#\/schema\/person\/313efb4c05acc39796b4c6dbd501f01d\",\"name\":\"eco.-admin\",\"image\":{\"@type\":\"ImageObject\",\"inLanguage\":\"ro-RO\",\"@id\":\"https:\/\/ecocranes.hu\/#\/schema\/person\/image\/\",\"url\":\"https:\/\/secure.gravatar.com\/avatar\/6f17916a31d634303d44a76de03b51e7eb11a9cfeaf3cefb8caf9b7d770eac89?s=96&d=mm&r=g\",\"contentUrl\":\"https:\/\/secure.gravatar.com\/avatar\/6f17916a31d634303d44a76de03b51e7eb11a9cfeaf3cefb8caf9b7d770eac89?s=96&d=mm&r=g\",\"caption\":\"eco.-admin\"},\"sameAs\":[\"https:\/\/ecocranes.hu\"],\"url\":\"https:\/\/ecocranes.hu\/ro\/author\/eco-admin\/\"}]}<\/script>\n<!-- \/ Yoast SEO Premium plugin. -->","yoast_head_json":{"title":"Teherliftek felhaszn\u00e1l\u00e1si ter\u00fcletei \u00e9s el\u0151nyei - Eco-Cranes","description":"A teheremel\u0151k \u00e9s teherliftek sz\u00e1mos ipari ter\u00fcleten alkalmazhat\u00f3ak, mivel jelent\u0151sen k\u00f6nnyebb\u00e9 teszik \u00e9s felgyors\u00edtj\u00e1k az anyagmozgat\u00e1si folyamatokat \u00e9s a\u2026","robots":{"index":"index","follow":"follow","max-snippet":"max-snippet:-1","max-image-preview":"max-image-preview:large","max-video-preview":"max-video-preview:-1"},"canonical":"https:\/\/ecocranes.hu\/ro\/teherliftek-felhasznalasi-teruletei-es-elonyei\/","og_locale":"ro_RO","og_type":"article","og_title":"Teherliftek felhaszn\u00e1l\u00e1si ter\u00fcletei \u00e9s el\u0151nyei","og_description":"A teheremel\u0151k \u00e9s teherliftek sz\u00e1mos ipari ter\u00fcleten alkalmazhat\u00f3ak, mivel jelent\u0151sen k\u00f6nnyebb\u00e9 teszik \u00e9s felgyors\u00edtj\u00e1k az anyagmozgat\u00e1si folyamatokat \u00e9s a\u2026","og_url":"https:\/\/ecocranes.hu\/ro\/teherliftek-felhasznalasi-teruletei-es-elonyei\/","og_site_name":"Eco-Cranes","article_publisher":"https:\/\/www.facebook.com\/ecocranes","article_published_time":"2025-08-03T12:12:17+00:00","article_modified_time":"2025-10-13T14:42:50+00:00","og_image":[{"width":800,"height":1201,"url":"https:\/\/ecocranes.hu\/wp-content\/uploads\/2025\/10\/ecocranes_korulkeritett_teru_teheremelo_20210525-9.jpg","type":"image\/jpeg"}],"author":"eco.-admin","twitter_card":"summary_large_image","twitter_misc":{"Scris de":"eco.-admin","Timp estimat pentru citire":"3 minute"},"schema":{"@context":"https:\/\/schema.org","@graph":[{"@type":"Article","@id":"https:\/\/ecocranes.hu\/teherliftek-felhasznalasi-teruletei-es-elonyei\/#article","isPartOf":{"@id":"https:\/\/ecocranes.hu\/teherliftek-felhasznalasi-teruletei-es-elonyei\/"},"author":{"name":"eco.-admin","@id":"https:\/\/ecocranes.hu\/#\/schema\/person\/313efb4c05acc39796b4c6dbd501f01d"},"headline":"Teherliftek felhaszn\u00e1l\u00e1si ter\u00fcletei \u00e9s el\u0151nyei","datePublished":"2025-08-03T12:12:17+00:00","dateModified":"2025-10-13T14:42:50+00:00","mainEntityOfPage":{"@id":"https:\/\/ecocranes.hu\/teherliftek-felhasznalasi-teruletei-es-elonyei\/"},"wordCount":635,"commentCount":0,"publisher":{"@id":"https:\/\/ecocranes.hu\/#organization"},"image":{"@id":"https:\/\/ecocranes.hu\/teherliftek-felhasznalasi-teruletei-es-elonyei\/#primaryimage"},"thumbnailUrl":"https:\/\/ecocranes.hu\/wp-content\/uploads\/2025\/10\/ecocranes_korulkeritett_teru_teheremelo_20210525-9.jpg","keywords":["emel\u00e9stechnika","teherlift"],"articleSection":["H\u00edrek, cikkek","Szolg\u00e1ltat\u00e1saink"],"inLanguage":"ro-RO","potentialAction":[{"@type":"CommentAction","name":"Comment","target":["https:\/\/ecocranes.hu\/teherliftek-felhasznalasi-teruletei-es-elonyei\/#respond"]}]},{"@type":"WebPage","@id":"https:\/\/ecocranes.hu\/teherliftek-felhasznalasi-teruletei-es-elonyei\/","url":"https:\/\/ecocranes.hu\/teherliftek-felhasznalasi-teruletei-es-elonyei\/","name":"Teherliftek felhaszn\u00e1l\u00e1si ter\u00fcletei \u00e9s el\u0151nyei - Eco-Cranes","isPartOf":{"@id":"https:\/\/ecocranes.hu\/#website"},"primaryImageOfPage":{"@id":"https:\/\/ecocranes.hu\/teherliftek-felhasznalasi-teruletei-es-elonyei\/#primaryimage"},"image":{"@id":"https:\/\/ecocranes.hu\/teherliftek-felhasznalasi-teruletei-es-elonyei\/#primaryimage"},"thumbnailUrl":"https:\/\/ecocranes.hu\/wp-content\/uploads\/2025\/10\/ecocranes_korulkeritett_teru_teheremelo_20210525-9.jpg","datePublished":"2025-08-03T12:12:17+00:00","dateModified":"2025-10-13T14:42:50+00:00","description":"A teheremel\u0151k \u00e9s teherliftek sz\u00e1mos ipari ter\u00fcleten alkalmazhat\u00f3ak, mivel jelent\u0151sen k\u00f6nnyebb\u00e9 teszik \u00e9s felgyors\u00edtj\u00e1k az anyagmozgat\u00e1si folyamatokat \u00e9s a\u2026","breadcrumb":{"@id":"https:\/\/ecocranes.hu\/teherliftek-felhasznalasi-teruletei-es-elonyei\/#breadcrumb"},"inLanguage":"ro-RO","potentialAction":[{"@type":"ReadAction","target":["https:\/\/ecocranes.hu\/teherliftek-felhasznalasi-teruletei-es-elonyei\/"]}],"speakable":{"@type":"SpeakableSpecification","cssSelector":["h1",".elementor-widget-text-editor"]}},{"@type":"ImageObject","inLanguage":"ro-RO","@id":"https:\/\/ecocranes.hu\/teherliftek-felhasznalasi-teruletei-es-elonyei\/#primaryimage","url":"https:\/\/ecocranes.hu\/wp-content\/uploads\/2025\/10\/ecocranes_korulkeritett_teru_teheremelo_20210525-9.jpg","contentUrl":"https:\/\/ecocranes.hu\/wp-content\/uploads\/2025\/10\/ecocranes_korulkeritett_teru_teheremelo_20210525-9.jpg","width":800,"height":1201,"caption":"Eco-Cranes p\u00f3diumtervez\u00e9s \u00e9s gy\u00e1rt\u00e1s \u2013 ecocranes korulkeritett teru teheremelo 20210525 9"},{"@type":"BreadcrumbList","@id":"https:\/\/ecocranes.hu\/teherliftek-felhasznalasi-teruletei-es-elonyei\/#breadcrumb","itemListElement":[{"@type":"ListItem","position":1,"name":"Home","item":"https:\/\/ecocranes.hu\/en\/"},{"@type":"ListItem","position":2,"name":"Teherliftek felhaszn\u00e1l\u00e1si ter\u00fcletei \u00e9s el\u0151nyei"}]},{"@type":"WebSite","@id":"https:\/\/ecocranes.hu\/#website","url":"https:\/\/ecocranes.hu\/","name":"Eco-Cranes","description":"Macarale \u0219i utilaje de ridicare","publisher":{"@id":"https:\/\/ecocranes.hu\/#organization"},"potentialAction":[{"@type":"SearchAction","target":{"@type":"EntryPoint","urlTemplate":"https:\/\/ecocranes.hu\/?s={search_term_string}"},"query-input":{"@type":"PropertyValueSpecification","valueRequired":true,"valueName":"search_term_string"}}],"inLanguage":"ro-RO"},{"@type":"Organization","@id":"https:\/\/ecocranes.hu\/#organization","name":"Eco-Cranes","url":"https:\/\/ecocranes.hu\/","logo":{"@type":"ImageObject","inLanguage":"ro-RO","@id":"https:\/\/ecocranes.hu\/#\/schema\/logo\/image\/","url":"https:\/\/ecocranes.hu\/wp-content\/uploads\/2025\/09\/eco-cranes-logo.png","contentUrl":"https:\/\/ecocranes.hu\/wp-content\/uploads\/2025\/09\/eco-cranes-logo.png","width":180,"height":18,"caption":"Eco-Cranes"},"image":{"@id":"https:\/\/ecocranes.hu\/#\/schema\/logo\/image\/"},"sameAs":["https:\/\/www.facebook.com\/ecocranes"],"address":{"@type":"PostalAddress","streetAddress":"Ybl Mikl\u00f3s utca 42.","addressLocality":"F\u00f3t","postalCode":"2151","addressCountry":"HU"},"geo":{"@type":"GeoCoordinates","latitude":47.61583300000000207319317269138991832733154296875,"longitude":19.181837000000001580701791681349277496337890625},"openingHoursSpecification":[{"@type":"OpeningHoursSpecification","dayOfWeek":["Monday","Tuesday","Wednesday","Thursday","Friday"],"opens":"08:00","closes":"17:00"}],"description":"Daruk, h\u00edddaruk, forg\u00f3daruk \u00e9s hidraulikus emel\u0151asztalok tervez\u00e9se, gy\u00e1rt\u00e1sa, telep\u00edt\u00e9se, szervize \u00e9s id\u0151szakos vizsg\u00e1lata.","email":"info@ecocranes.hu","telephone":"+36 27 360823","legalName":"ECO-CRANES HUNGARY Daruk \u00e9s Emel\u0151g\u00e9pek Korl\u00e1tolt Felel\u0151ss\u00e9g\u0171 T\u00e1rsas\u00e1g","vatID":"11912606-2-13"},{"@type":"Person","@id":"https:\/\/ecocranes.hu\/#\/schema\/person\/313efb4c05acc39796b4c6dbd501f01d","name":"eco.-admin","image":{"@type":"ImageObject","inLanguage":"ro-RO","@id":"https:\/\/ecocranes.hu\/#\/schema\/person\/image\/","url":"https:\/\/secure.gravatar.com\/avatar\/6f17916a31d634303d44a76de03b51e7eb11a9cfeaf3cefb8caf9b7d770eac89?s=96&d=mm&r=g","contentUrl":"https:\/\/secure.gravatar.com\/avatar\/6f17916a31d634303d44a76de03b51e7eb11a9cfeaf3cefb8caf9b7d770eac89?s=96&d=mm&r=g","caption":"eco.-admin"},"sameAs":["https:\/\/ecocranes.hu"],"url":"https:\/\/ecocranes.hu\/ro\/author\/eco-admin\/"}]}},"_links":{"self":[{"href":"https:\/\/ecocranes.hu\/ro\/wp-json\/wp\/v2\/posts\/7266","targetHints":{"allow":["GET"]}}],"collection":[{"href":"https:\/\/ecocranes.hu\/ro\/wp-json\/wp\/v2\/posts"}],"about":[{"href":"https:\/\/ecocranes.hu\/ro\/wp-json\/wp\/v2\/types\/post"}],"author":[{"embeddable":true,"href":"https:\/\/ecocranes.hu\/ro\/wp-json\/wp\/v2\/users\/1"}],"replies":[{"embeddable":true,"href":"https:\/\/ecocranes.hu\/ro\/wp-json\/wp\/v2\/comments?post=7266"}],"version-history":[{"count":0,"href":"https:\/\/ecocranes.hu\/ro\/wp-json\/wp\/v2\/posts\/7266\/revisions"}],"wp:featuredmedia":[{"embeddable":true,"href":"https:\/\/ecocranes.hu\/ro\/wp-json\/wp\/v2\/media\/7267"}],"wp:attachment":[{"href":"https:\/\/ecocranes.hu\/ro\/wp-json\/wp\/v2\/media?parent=7266"}],"wp:term":[{"taxonomy":"category","embeddable":true,"href":"https:\/\/ecocranes.hu\/ro\/wp-json\/wp\/v2\/categories?post=7266"},{"taxonomy":"post_tag","embeddable":true,"href":"https:\/\/ecocranes.hu\/ro\/wp-json\/wp\/v2\/tags?post=7266"}],"curies":[{"name":"wp","href":"https:\/\/api.w.org\/{rel}","templated":true}]}}