{"id":7252,"date":"2025-05-03T11:44:41","date_gmt":"2025-05-03T09:44:41","guid":{"rendered":"https:\/\/ecocranes.hu\/daru-a-szelben\/"},"modified":"2025-10-13T16:42:48","modified_gmt":"2025-10-13T14:42:48","slug":"daru-a-szelben","status":"publish","type":"post","link":"https:\/\/ecocranes.hu\/ro\/daru-a-szelben\/","title":{"rendered":"Cocorul \u00een v\u00e2nt"},"content":{"rendered":"<p><strong>Continu\u0103m seria noastr\u0103 dedicat\u0103 condi\u021biilor meteorologice care influen\u021beaz\u0103 utilizarea \u00een condi\u021bii de siguran\u021b\u0103 a macaralelor. \u00cen articolele anterioare am enumerat factorii care <\/strong><a href=\"https:\/\/ecocranes.hu\/ro\/emelestechnika-kemeny-terepen\/\"><strong>temperatur\u0103 sc\u0103zut\u0103 pe termen lung<\/strong><\/a><strong> determineaz\u0103, \u00een cazul echipamentelor de ridicare \u0219i al celor care le utilizeaz\u0103 <\/strong><a href=\"https:\/\/ecocranes.hu\/ro\/biztonsagos-daruzas-hideg-kornyezetben\/\"><strong>\u00een r\u00e2ndul personalului<\/strong><\/a><strong>. V\u00e2ntul puternic reprezint\u0103 un factor suplimentar care poate influen\u021ba \u00een mare m\u0103sur\u0103 opera\u021biunile de ridicare sau poate chiar impune suspendarea acestora.<\/strong><\/p>\n<p><strong>\u00a0<\/strong><\/p>\n<p>Conform statisticilor Institutului Na\u021bional American de Standardizare (NIST), pe o perioad\u0103 de 10 ani s-au \u00eenregistrat la nivel mondial 1 125 de accidente cu macarale.<\/p>\n<p>\u00cen aceste cazuri, \u00een raportul 23% s-au indicat ca cauz\u0103 efectele v\u00e2ntului puternic. A\u0219adar, nu trebuie deloc s\u0103 se trateze cu u\u0219urin\u021b\u0103 aspectele legate de acest lucru <a href=\"https:\/\/ecocranes.hu\/ro\/a-teheremelesben-rejlo-veszelyek-csokkentesenek-modszerei\/\">m\u0103suri de securitate<\/a> \u0219i, dac\u0103 este necesar, s\u0103 asigure posibilitatea m\u0103sur\u0103rii vitezei v\u00e2ntului.<\/p>\n<h2><strong>Trage-\u00eempinge<\/strong><\/h2>\n<p>Mi\u0219carea aerului la vitez\u0103 mare \u2013 fie c\u0103 este uniform\u0103 sau sub form\u0103 de rafale \u2013 exercit\u0103 diverse efecte asupra dispozitivelor de ridicare. Atunci c\u00e2nd love\u0219te macaraua <strong>presiune aerodinamic\u0103<\/strong> ac\u021bioneaz\u0103 asupra structurii sale, iar rezisten\u021ba la aer poate provoca o mi\u0219care pe orizontal\u0103. <strong>For\u021ba de flotare<\/strong> se produce, ceea ce poate duce la ridicarea, \u00eenclinarea sau chiar r\u0103sturnarea macaralei. \u00cen plus, v\u00e2ntul <strong>are \u0219i un efect de r\u0103sucire<\/strong>, ceea ce poate duce la deteriorarea soclului \u0219i la instabilitatea macaralei.<\/p>\n<p><strong>Efectele curentului de aer rapid sunt influen\u021bate, pe l\u00e2ng\u0103 vitez\u0103, \u0219i de mai mul\u021bi factori.<\/strong><\/p>\n<p>Altitudinea conteaz\u0103: cu c\u00e2t opera\u021biunile de ridicare se desf\u0103\u0219oar\u0103 la o altitudine mai mare, cu at\u00e2t trebuie s\u0103 reziste la curen\u021bi de aer mai puternici. Este important din ce direc\u021bie bate v\u00e2ntul asupra structurii macaralei \u0219i asupra \u00eenc\u0103rc\u0103turii.<\/p>\n<p>Greutatea \u0219i forma \u00eenc\u0103rc\u0103turii sunt, de asemenea, factori determinan\u021bi: cu c\u00e2t este mai grea, cu at\u00e2t rezist\u0103 mai bine la influen\u021bele externe. Un alt factor important este tipul macaralei (de exemplu: <a href=\"https:\/\/darukesemelok.blog.hu\/2025\/02\/03\/a_darutechnologia_fejlodesenek_hatasa_az_epitoiparra\">macara cu turn<\/a> sau <a href=\"https:\/\/darukesemelok.blog.hu\/2022\/12\/30\/darukisokos_melyik_daru_mire_jo\">mobildaru<\/a>), valorile de \u00eenc\u0103rcare corespunz\u0103toare, specificate de produc\u0103tor, precum \u0219i <a href=\"https:\/\/ecocranes.hu\/ro\/toronydaruk-epitese-es-mukodtetese-a-toronydaru-osszeallitasa\/\">st\u00e2lp<\/a> lungimea, aceasta <a href=\"https:\/\/ecocranes.hu\/ro\/ellensulyok-hasznalata-a-teheremelesben\/\">contrapondere<\/a> masa.<\/p>\n<h2><strong>Cum se poate m\u0103sura?<\/strong><\/h2>\n<p>Pentru m\u0103surarea vitezei v\u00e2ntului \u0219i determinarea direc\u021biei acestuia se utilizeaz\u0103 anemometre, care sunt instalate separat sau, \u00een cazul echipamentelor mai performante, sunt deja \u00eencorporate.<\/p>\n<p>Cu ajutorul acestora, operatorul macaralei ob\u021bine o imagine \u00een timp real a condi\u021biilor de v\u00e2nt \u0219i poate stabili cu mai mult\u0103 precizie pe baza intensit\u0103\u021bii v\u00e2ntului \u0219i a datelor privind sarcina specificate de produc\u0103torul macaralei, ce m\u0103suri de precau\u021bie sunt necesare pentru continuarea lucr\u0103rilor sau p\u00e2n\u0103 c\u00e2nd este sigur\u0103 func\u021bionarea macaralei.<\/p>\n<p>Acesta <strong>Regula general\u0103 este c\u0103 opera\u021biunile de ridicare trebuie oprite atunci c\u00e2nd viteza v\u00e2ntului dep\u0103\u0219e\u0219te 35 km\/h<\/strong>. Dac\u0103 trebuie s\u0103 lucra\u021bi pe vreme cu v\u00e2nt, dar \u00eenc\u0103 sub valoarea limit\u0103, efectele curen\u021bilor de aer pot fi reduse. Pentru a men\u021bine stabilitatea macaralei, se poate \u00eencetini mi\u0219carea acesteia, se poate reduce unghiul de ridicare \u0219i \u00een\u0103l\u021bimea, astfel \u00eenc\u00e2t sarcina s\u0103 fie mai aproape de sol.<\/p>\n<h2><strong>Securitate<\/strong><\/h2>\n<p>Lucr\u0103rile de ridicare efectuate pe vreme cu v\u00e2nt impun \u00eentotdeauna o sarcin\u0103 suplimentar\u0103 asupra macaralelor. Capacitatea de \u00eenc\u0103rcare scade, iar piesele se uzeaz\u0103 mai repede.<\/p>\n<p><strong>Dac\u0103 nu se evalueaz\u0103 corespunz\u0103tor p\u00e2n\u0103 la ce punct pot fi continuate opera\u021biunile de ridicare, acest lucru poate reprezenta un pericol at\u00e2t pentru lucr\u0103tori, c\u00e2t \u0219i pentru \u00eenc\u0103rc\u0103tur\u0103 \u0219i pentru macaraua \u00eens\u0103\u0219i.<\/strong><\/p>\n<p>Prin urmare, pe baza instruc\u021biunilor de exploatare elaborate de produc\u0103tori, este \u00eentotdeauna recomandabil s\u0103 se elaboreze un plan pentru desf\u0103\u0219urarea lucr\u0103rilor \u00een condi\u021bii de v\u00e2nt \u0219i, dac\u0103 intensitatea v\u00e2ntului o impune, s\u0103 se \u00eentrerup\u0103 imediat utilizarea dispozitivelor de ridicare pentru a preveni accidentele.<\/p>","protected":false},"excerpt":{"rendered":"<p>Continu\u0103m seria noastr\u0103 de articole dedicate siguran\u021bei macaralelor. V\u00e2ntul puternic \u00eengreuneaz\u0103 considerabil opera\u021biunile de ridicare a \u00eenc\u0103rc\u0103turilor \u00een aer liber. S\u0103 vedem ce trebuie f\u0103cut \u00een acest caz!<\/p>","protected":false},"author":1,"featured_media":7253,"comment_status":"open","ping_status":"open","sticky":false,"template":"","format":"standard","meta":{"_acf_changed":false,"footnotes":""},"categories":[144,102],"tags":[134,115,129],"class_list":["post-7252","post","type-post","status-publish","format-standard","has-post-thumbnail","hentry","category-hasznos-tudas","category-hirek-cikkek","tag-biztonsagi-szabalyok","tag-daru","tag-emelestechnika","has-thumb"],"acf":[],"yoast_head":"<!-- This site is optimized with the Yoast SEO Premium plugin v26.2 (Yoast SEO v26.6) - https:\/\/yoast.com\/wordpress\/plugins\/seo\/ -->\n<title>Daru a sz\u00e9lben - Eco-Cranes<\/title>\n<meta name=\"description\" content=\"Folytatjuk a daruk biztons\u00e1g\u00e1r\u00f3l sz\u00f3l\u00f3 cikksorozatunkat. A nagy sz\u00e9l jelent\u0151sen megnehez\u00edti a k\u00fclt\u00e9ri teheremel\u00e9si munk\u00e1kat. L\u00e1ssuk, mit kell tenni ebben az\u2026\" \/>\n<meta name=\"robots\" content=\"index, follow, max-snippet:-1, max-image-preview:large, max-video-preview:-1\" \/>\n<link rel=\"canonical\" href=\"https:\/\/ecocranes.hu\/ro\/daru-a-szelben\/\" \/>\n<meta property=\"og:locale\" content=\"ro_RO\" \/>\n<meta property=\"og:type\" content=\"article\" \/>\n<meta property=\"og:title\" content=\"Daru a sz\u00e9lben\" \/>\n<meta property=\"og:description\" content=\"Folytatjuk a daruk biztons\u00e1g\u00e1r\u00f3l sz\u00f3l\u00f3 cikksorozatunkat. A nagy sz\u00e9l jelent\u0151sen megnehez\u00edti a k\u00fclt\u00e9ri teheremel\u00e9si munk\u00e1kat. L\u00e1ssuk, mit kell tenni ebben az\u2026\" \/>\n<meta property=\"og:url\" content=\"https:\/\/ecocranes.hu\/ro\/daru-a-szelben\/\" \/>\n<meta property=\"og:site_name\" content=\"Eco-Cranes\" \/>\n<meta property=\"article:publisher\" content=\"https:\/\/www.facebook.com\/ecocranes\" \/>\n<meta property=\"article:published_time\" content=\"2025-05-03T09:44:41+00:00\" \/>\n<meta property=\"article:modified_time\" content=\"2025-10-13T14:42:48+00:00\" \/>\n<meta property=\"og:image\" content=\"https:\/\/ecocranes.hu\/wp-content\/uploads\/2025\/10\/IMG_9203-scaled-1.jpg\" \/>\n\t<meta property=\"og:image:width\" content=\"2560\" \/>\n\t<meta property=\"og:image:height\" content=\"1436\" \/>\n\t<meta property=\"og:image:type\" content=\"image\/jpeg\" \/>\n<meta name=\"author\" content=\"eco.-admin\" \/>\n<meta name=\"twitter:card\" content=\"summary_large_image\" \/>\n<meta name=\"twitter:label1\" content=\"Scris de\" \/>\n\t<meta name=\"twitter:data1\" content=\"eco.-admin\" \/>\n\t<meta name=\"twitter:label2\" content=\"Timp estimat pentru citire\" \/>\n\t<meta name=\"twitter:data2\" content=\"4 minute\" \/>\n<script type=\"application\/ld+json\" class=\"yoast-schema-graph\">{\"@context\":\"https:\/\/schema.org\",\"@graph\":[{\"@type\":\"Article\",\"@id\":\"https:\/\/ecocranes.hu\/daru-a-szelben\/#article\",\"isPartOf\":{\"@id\":\"https:\/\/ecocranes.hu\/daru-a-szelben\/\"},\"author\":{\"name\":\"eco.-admin\",\"@id\":\"https:\/\/ecocranes.hu\/#\/schema\/person\/313efb4c05acc39796b4c6dbd501f01d\"},\"headline\":\"Daru a sz\u00e9lben\",\"datePublished\":\"2025-05-03T09:44:41+00:00\",\"dateModified\":\"2025-10-13T14:42:48+00:00\",\"mainEntityOfPage\":{\"@id\":\"https:\/\/ecocranes.hu\/daru-a-szelben\/\"},\"wordCount\":709,\"commentCount\":0,\"publisher\":{\"@id\":\"https:\/\/ecocranes.hu\/#organization\"},\"image\":{\"@id\":\"https:\/\/ecocranes.hu\/daru-a-szelben\/#primaryimage\"},\"thumbnailUrl\":\"https:\/\/ecocranes.hu\/wp-content\/uploads\/2025\/10\/IMG_9203-scaled-1.jpg\",\"keywords\":[\"biztons\u00e1gi szab\u00e1lyok\",\"daru\",\"emel\u00e9stechnika\"],\"articleSection\":[\"Hasznos tud\u00e1s\",\"H\u00edrek, cikkek\"],\"inLanguage\":\"ro-RO\",\"potentialAction\":[{\"@type\":\"CommentAction\",\"name\":\"Comment\",\"target\":[\"https:\/\/ecocranes.hu\/daru-a-szelben\/#respond\"]}]},{\"@type\":\"WebPage\",\"@id\":\"https:\/\/ecocranes.hu\/daru-a-szelben\/\",\"url\":\"https:\/\/ecocranes.hu\/daru-a-szelben\/\",\"name\":\"Daru a sz\u00e9lben - Eco-Cranes\",\"isPartOf\":{\"@id\":\"https:\/\/ecocranes.hu\/#website\"},\"primaryImageOfPage\":{\"@id\":\"https:\/\/ecocranes.hu\/daru-a-szelben\/#primaryimage\"},\"image\":{\"@id\":\"https:\/\/ecocranes.hu\/daru-a-szelben\/#primaryimage\"},\"thumbnailUrl\":\"https:\/\/ecocranes.hu\/wp-content\/uploads\/2025\/10\/IMG_9203-scaled-1.jpg\",\"datePublished\":\"2025-05-03T09:44:41+00:00\",\"dateModified\":\"2025-10-13T14:42:48+00:00\",\"description\":\"Folytatjuk a daruk biztons\u00e1g\u00e1r\u00f3l sz\u00f3l\u00f3 cikksorozatunkat. A nagy sz\u00e9l jelent\u0151sen megnehez\u00edti a k\u00fclt\u00e9ri teheremel\u00e9si munk\u00e1kat. L\u00e1ssuk, mit kell tenni ebben az\u2026\",\"breadcrumb\":{\"@id\":\"https:\/\/ecocranes.hu\/daru-a-szelben\/#breadcrumb\"},\"inLanguage\":\"ro-RO\",\"potentialAction\":[{\"@type\":\"ReadAction\",\"target\":[\"https:\/\/ecocranes.hu\/daru-a-szelben\/\"]}],\"speakable\":{\"@type\":\"SpeakableSpecification\",\"cssSelector\":[\"h1\",\".elementor-widget-text-editor\"]}},{\"@type\":\"ImageObject\",\"inLanguage\":\"ro-RO\",\"@id\":\"https:\/\/ecocranes.hu\/daru-a-szelben\/#primaryimage\",\"url\":\"https:\/\/ecocranes.hu\/wp-content\/uploads\/2025\/10\/IMG_9203-scaled-1.jpg\",\"contentUrl\":\"https:\/\/ecocranes.hu\/wp-content\/uploads\/2025\/10\/IMG_9203-scaled-1.jpg\",\"width\":2560,\"height\":1436,\"caption\":\"9. Megfelel\u0151 kommunik\u00e1ci\u00f3! \u2013 IMG 9203 scaled 1\"},{\"@type\":\"BreadcrumbList\",\"@id\":\"https:\/\/ecocranes.hu\/daru-a-szelben\/#breadcrumb\",\"itemListElement\":[{\"@type\":\"ListItem\",\"position\":1,\"name\":\"Home\",\"item\":\"https:\/\/ecocranes.hu\/en\/\"},{\"@type\":\"ListItem\",\"position\":2,\"name\":\"Daru a sz\u00e9lben\"}]},{\"@type\":\"WebSite\",\"@id\":\"https:\/\/ecocranes.hu\/#website\",\"url\":\"https:\/\/ecocranes.hu\/\",\"name\":\"Eco-Cranes\",\"description\":\"Daruk \u00e9s emel\u0151g\u00e9pek\",\"publisher\":{\"@id\":\"https:\/\/ecocranes.hu\/#organization\"},\"potentialAction\":[{\"@type\":\"SearchAction\",\"target\":{\"@type\":\"EntryPoint\",\"urlTemplate\":\"https:\/\/ecocranes.hu\/?s={search_term_string}\"},\"query-input\":{\"@type\":\"PropertyValueSpecification\",\"valueRequired\":true,\"valueName\":\"search_term_string\"}}],\"inLanguage\":\"ro-RO\"},{\"@type\":\"Organization\",\"@id\":\"https:\/\/ecocranes.hu\/#organization\",\"name\":\"Eco-Cranes\",\"url\":\"https:\/\/ecocranes.hu\/\",\"logo\":{\"@type\":\"ImageObject\",\"inLanguage\":\"ro-RO\",\"@id\":\"https:\/\/ecocranes.hu\/#\/schema\/logo\/image\/\",\"url\":\"https:\/\/ecocranes.hu\/wp-content\/uploads\/2025\/09\/eco-cranes-logo.png\",\"contentUrl\":\"https:\/\/ecocranes.hu\/wp-content\/uploads\/2025\/09\/eco-cranes-logo.png\",\"width\":180,\"height\":18,\"caption\":\"Eco-Cranes\"},\"image\":{\"@id\":\"https:\/\/ecocranes.hu\/#\/schema\/logo\/image\/\"},\"sameAs\":[\"https:\/\/www.facebook.com\/ecocranes\"],\"address\":{\"@type\":\"PostalAddress\",\"streetAddress\":\"Ybl Mikl\u00f3s utca 42.\",\"addressLocality\":\"F\u00f3t\",\"postalCode\":\"2151\",\"addressCountry\":\"HU\"},\"geo\":{\"@type\":\"GeoCoordinates\",\"latitude\":47.61583300000000207319317269138991832733154296875,\"longitude\":19.181837000000001580701791681349277496337890625},\"openingHoursSpecification\":[{\"@type\":\"OpeningHoursSpecification\",\"dayOfWeek\":[\"Monday\",\"Tuesday\",\"Wednesday\",\"Thursday\",\"Friday\"],\"opens\":\"08:00\",\"closes\":\"17:00\"}],\"description\":\"Daruk, h\u00edddaruk, forg\u00f3daruk \u00e9s hidraulikus emel\u0151asztalok tervez\u00e9se, gy\u00e1rt\u00e1sa, telep\u00edt\u00e9se, szervize \u00e9s id\u0151szakos vizsg\u00e1lata.\",\"email\":\"info@ecocranes.hu\",\"telephone\":\"+36 27 360823\",\"legalName\":\"ECO-CRANES HUNGARY Daruk \u00e9s Emel\u0151g\u00e9pek Korl\u00e1tolt Felel\u0151ss\u00e9g\u0171 T\u00e1rsas\u00e1g\",\"vatID\":\"11912606-2-13\"},{\"@type\":\"Person\",\"@id\":\"https:\/\/ecocranes.hu\/#\/schema\/person\/313efb4c05acc39796b4c6dbd501f01d\",\"name\":\"eco.-admin\",\"image\":{\"@type\":\"ImageObject\",\"inLanguage\":\"ro-RO\",\"@id\":\"https:\/\/ecocranes.hu\/#\/schema\/person\/image\/\",\"url\":\"https:\/\/secure.gravatar.com\/avatar\/6f17916a31d634303d44a76de03b51e7eb11a9cfeaf3cefb8caf9b7d770eac89?s=96&d=mm&r=g\",\"contentUrl\":\"https:\/\/secure.gravatar.com\/avatar\/6f17916a31d634303d44a76de03b51e7eb11a9cfeaf3cefb8caf9b7d770eac89?s=96&d=mm&r=g\",\"caption\":\"eco.-admin\"},\"sameAs\":[\"https:\/\/ecocranes.hu\"],\"url\":\"https:\/\/ecocranes.hu\/ro\/author\/eco-admin\/\"}]}<\/script>\n<!-- \/ Yoast SEO Premium plugin. -->","yoast_head_json":{"title":"Daru a sz\u00e9lben - Eco-Cranes","description":"Folytatjuk a daruk biztons\u00e1g\u00e1r\u00f3l sz\u00f3l\u00f3 cikksorozatunkat. A nagy sz\u00e9l jelent\u0151sen megnehez\u00edti a k\u00fclt\u00e9ri teheremel\u00e9si munk\u00e1kat. L\u00e1ssuk, mit kell tenni ebben az\u2026","robots":{"index":"index","follow":"follow","max-snippet":"max-snippet:-1","max-image-preview":"max-image-preview:large","max-video-preview":"max-video-preview:-1"},"canonical":"https:\/\/ecocranes.hu\/ro\/daru-a-szelben\/","og_locale":"ro_RO","og_type":"article","og_title":"Daru a sz\u00e9lben","og_description":"Folytatjuk a daruk biztons\u00e1g\u00e1r\u00f3l sz\u00f3l\u00f3 cikksorozatunkat. A nagy sz\u00e9l jelent\u0151sen megnehez\u00edti a k\u00fclt\u00e9ri teheremel\u00e9si munk\u00e1kat. L\u00e1ssuk, mit kell tenni ebben az\u2026","og_url":"https:\/\/ecocranes.hu\/ro\/daru-a-szelben\/","og_site_name":"Eco-Cranes","article_publisher":"https:\/\/www.facebook.com\/ecocranes","article_published_time":"2025-05-03T09:44:41+00:00","article_modified_time":"2025-10-13T14:42:48+00:00","og_image":[{"width":2560,"height":1436,"url":"https:\/\/ecocranes.hu\/wp-content\/uploads\/2025\/10\/IMG_9203-scaled-1.jpg","type":"image\/jpeg"}],"author":"eco.-admin","twitter_card":"summary_large_image","twitter_misc":{"Scris de":"eco.-admin","Timp estimat pentru citire":"4 minute"},"schema":{"@context":"https:\/\/schema.org","@graph":[{"@type":"Article","@id":"https:\/\/ecocranes.hu\/daru-a-szelben\/#article","isPartOf":{"@id":"https:\/\/ecocranes.hu\/daru-a-szelben\/"},"author":{"name":"eco.-admin","@id":"https:\/\/ecocranes.hu\/#\/schema\/person\/313efb4c05acc39796b4c6dbd501f01d"},"headline":"Daru a sz\u00e9lben","datePublished":"2025-05-03T09:44:41+00:00","dateModified":"2025-10-13T14:42:48+00:00","mainEntityOfPage":{"@id":"https:\/\/ecocranes.hu\/daru-a-szelben\/"},"wordCount":709,"commentCount":0,"publisher":{"@id":"https:\/\/ecocranes.hu\/#organization"},"image":{"@id":"https:\/\/ecocranes.hu\/daru-a-szelben\/#primaryimage"},"thumbnailUrl":"https:\/\/ecocranes.hu\/wp-content\/uploads\/2025\/10\/IMG_9203-scaled-1.jpg","keywords":["biztons\u00e1gi szab\u00e1lyok","daru","emel\u00e9stechnika"],"articleSection":["Hasznos tud\u00e1s","H\u00edrek, cikkek"],"inLanguage":"ro-RO","potentialAction":[{"@type":"CommentAction","name":"Comment","target":["https:\/\/ecocranes.hu\/daru-a-szelben\/#respond"]}]},{"@type":"WebPage","@id":"https:\/\/ecocranes.hu\/daru-a-szelben\/","url":"https:\/\/ecocranes.hu\/daru-a-szelben\/","name":"Daru a sz\u00e9lben - Eco-Cranes","isPartOf":{"@id":"https:\/\/ecocranes.hu\/#website"},"primaryImageOfPage":{"@id":"https:\/\/ecocranes.hu\/daru-a-szelben\/#primaryimage"},"image":{"@id":"https:\/\/ecocranes.hu\/daru-a-szelben\/#primaryimage"},"thumbnailUrl":"https:\/\/ecocranes.hu\/wp-content\/uploads\/2025\/10\/IMG_9203-scaled-1.jpg","datePublished":"2025-05-03T09:44:41+00:00","dateModified":"2025-10-13T14:42:48+00:00","description":"Folytatjuk a daruk biztons\u00e1g\u00e1r\u00f3l sz\u00f3l\u00f3 cikksorozatunkat. A nagy sz\u00e9l jelent\u0151sen megnehez\u00edti a k\u00fclt\u00e9ri teheremel\u00e9si munk\u00e1kat. L\u00e1ssuk, mit kell tenni ebben az\u2026","breadcrumb":{"@id":"https:\/\/ecocranes.hu\/daru-a-szelben\/#breadcrumb"},"inLanguage":"ro-RO","potentialAction":[{"@type":"ReadAction","target":["https:\/\/ecocranes.hu\/daru-a-szelben\/"]}],"speakable":{"@type":"SpeakableSpecification","cssSelector":["h1",".elementor-widget-text-editor"]}},{"@type":"ImageObject","inLanguage":"ro-RO","@id":"https:\/\/ecocranes.hu\/daru-a-szelben\/#primaryimage","url":"https:\/\/ecocranes.hu\/wp-content\/uploads\/2025\/10\/IMG_9203-scaled-1.jpg","contentUrl":"https:\/\/ecocranes.hu\/wp-content\/uploads\/2025\/10\/IMG_9203-scaled-1.jpg","width":2560,"height":1436,"caption":"9. Megfelel\u0151 kommunik\u00e1ci\u00f3! \u2013 IMG 9203 scaled 1"},{"@type":"BreadcrumbList","@id":"https:\/\/ecocranes.hu\/daru-a-szelben\/#breadcrumb","itemListElement":[{"@type":"ListItem","position":1,"name":"Home","item":"https:\/\/ecocranes.hu\/en\/"},{"@type":"ListItem","position":2,"name":"Daru a sz\u00e9lben"}]},{"@type":"WebSite","@id":"https:\/\/ecocranes.hu\/#website","url":"https:\/\/ecocranes.hu\/","name":"Eco-Cranes","description":"Macarale \u0219i utilaje de ridicare","publisher":{"@id":"https:\/\/ecocranes.hu\/#organization"},"potentialAction":[{"@type":"SearchAction","target":{"@type":"EntryPoint","urlTemplate":"https:\/\/ecocranes.hu\/?s={search_term_string}"},"query-input":{"@type":"PropertyValueSpecification","valueRequired":true,"valueName":"search_term_string"}}],"inLanguage":"ro-RO"},{"@type":"Organization","@id":"https:\/\/ecocranes.hu\/#organization","name":"Eco-Cranes","url":"https:\/\/ecocranes.hu\/","logo":{"@type":"ImageObject","inLanguage":"ro-RO","@id":"https:\/\/ecocranes.hu\/#\/schema\/logo\/image\/","url":"https:\/\/ecocranes.hu\/wp-content\/uploads\/2025\/09\/eco-cranes-logo.png","contentUrl":"https:\/\/ecocranes.hu\/wp-content\/uploads\/2025\/09\/eco-cranes-logo.png","width":180,"height":18,"caption":"Eco-Cranes"},"image":{"@id":"https:\/\/ecocranes.hu\/#\/schema\/logo\/image\/"},"sameAs":["https:\/\/www.facebook.com\/ecocranes"],"address":{"@type":"PostalAddress","streetAddress":"Ybl Mikl\u00f3s utca 42.","addressLocality":"F\u00f3t","postalCode":"2151","addressCountry":"HU"},"geo":{"@type":"GeoCoordinates","latitude":47.61583300000000207319317269138991832733154296875,"longitude":19.181837000000001580701791681349277496337890625},"openingHoursSpecification":[{"@type":"OpeningHoursSpecification","dayOfWeek":["Monday","Tuesday","Wednesday","Thursday","Friday"],"opens":"08:00","closes":"17:00"}],"description":"Daruk, h\u00edddaruk, forg\u00f3daruk \u00e9s hidraulikus emel\u0151asztalok tervez\u00e9se, gy\u00e1rt\u00e1sa, telep\u00edt\u00e9se, szervize \u00e9s id\u0151szakos vizsg\u00e1lata.","email":"info@ecocranes.hu","telephone":"+36 27 360823","legalName":"ECO-CRANES HUNGARY Daruk \u00e9s Emel\u0151g\u00e9pek Korl\u00e1tolt Felel\u0151ss\u00e9g\u0171 T\u00e1rsas\u00e1g","vatID":"11912606-2-13"},{"@type":"Person","@id":"https:\/\/ecocranes.hu\/#\/schema\/person\/313efb4c05acc39796b4c6dbd501f01d","name":"eco.-admin","image":{"@type":"ImageObject","inLanguage":"ro-RO","@id":"https:\/\/ecocranes.hu\/#\/schema\/person\/image\/","url":"https:\/\/secure.gravatar.com\/avatar\/6f17916a31d634303d44a76de03b51e7eb11a9cfeaf3cefb8caf9b7d770eac89?s=96&d=mm&r=g","contentUrl":"https:\/\/secure.gravatar.com\/avatar\/6f17916a31d634303d44a76de03b51e7eb11a9cfeaf3cefb8caf9b7d770eac89?s=96&d=mm&r=g","caption":"eco.-admin"},"sameAs":["https:\/\/ecocranes.hu"],"url":"https:\/\/ecocranes.hu\/ro\/author\/eco-admin\/"}]}},"_links":{"self":[{"href":"https:\/\/ecocranes.hu\/ro\/wp-json\/wp\/v2\/posts\/7252","targetHints":{"allow":["GET"]}}],"collection":[{"href":"https:\/\/ecocranes.hu\/ro\/wp-json\/wp\/v2\/posts"}],"about":[{"href":"https:\/\/ecocranes.hu\/ro\/wp-json\/wp\/v2\/types\/post"}],"author":[{"embeddable":true,"href":"https:\/\/ecocranes.hu\/ro\/wp-json\/wp\/v2\/users\/1"}],"replies":[{"embeddable":true,"href":"https:\/\/ecocranes.hu\/ro\/wp-json\/wp\/v2\/comments?post=7252"}],"version-history":[{"count":0,"href":"https:\/\/ecocranes.hu\/ro\/wp-json\/wp\/v2\/posts\/7252\/revisions"}],"wp:featuredmedia":[{"embeddable":true,"href":"https:\/\/ecocranes.hu\/ro\/wp-json\/wp\/v2\/media\/7253"}],"wp:attachment":[{"href":"https:\/\/ecocranes.hu\/ro\/wp-json\/wp\/v2\/media?parent=7252"}],"wp:term":[{"taxonomy":"category","embeddable":true,"href":"https:\/\/ecocranes.hu\/ro\/wp-json\/wp\/v2\/categories?post=7252"},{"taxonomy":"post_tag","embeddable":true,"href":"https:\/\/ecocranes.hu\/ro\/wp-json\/wp\/v2\/tags?post=7252"}],"curies":[{"name":"wp","href":"https:\/\/api.w.org\/{rel}","templated":true}]}}