{"id":7159,"date":"2023-06-04T21:19:09","date_gmt":"2023-06-04T19:19:09","guid":{"rendered":"https:\/\/ecocranes.hu\/az-epitkezesek-alapkove-a-beton\/"},"modified":"2025-10-13T16:42:42","modified_gmt":"2025-10-13T14:42:42","slug":"az-epitkezesek-alapkove-a-beton","status":"publish","type":"post","link":"https:\/\/ecocranes.hu\/ro\/az-epitkezesek-alapkove-a-beton\/","title":{"rendered":"Piatra de temelie a \u0219antierelor: betonul"},"content":{"rendered":"<p><strong>\u00cen arhitectur\u0103 \u0219i \u00een industria construc\u021biilor, betonul este prezent aproape peste tot acolo unde este nevoie de un material cu o rezisten\u021b\u0103 ridicat\u0103. De-a lungul secolelor, betonul a devenit unul dintre cele mai fundamentale materiale ale arhitecturii moderne, dep\u0103\u0219ind celelalte materiale utilizate \u00een arhitectur\u0103. Datorit\u0103 rezisten\u021bei sale remarcabile, funda\u021biile, pere\u021bii \u0219i st\u00e2lpii cl\u0103dirilor sunt construi\u021bi din beton, fie c\u0103 este vorba de cl\u0103diri industriale sau de locuin\u021be.<\/strong><\/p>\n<p>Istoria \u0219i utilizarea betonului <strong>dateaz\u0103 din antichitate<\/strong>. Romanii foloseau a\u0219a-numitul \u201eciment roman\u201d (p\u0103m\u00e2nt de umplutur\u0103 cu con\u021binut de aluminiu \u0219i siliciu) pentru construirea drumurilor, b\u0103ilor \u0219i faimoaselor conducte de ap\u0103 din imperiul lor.<\/p>\n<p>\u00a0<\/p>\n<p>Romanul <strong>Cimentul a fost ob\u021binut prin m\u0103cinarea tufurilor vulcanice de la Vezuviu<\/strong> prin ad\u0103ugarea de var, datorit\u0103 c\u0103ruia s-a ob\u021binut un amestec care se \u00eent\u0103re\u0219te chiar \u0219i sub ap\u0103.<\/p>\n<h2><strong>Ce este, de fapt, betonul?<\/strong><\/h2>\n<p>Material de construc\u021bie, desigur! Dar din ce anume? Betonul este un <strong>un amestec format din ciment, ap\u0103, nisip \u0219i pietri\u0219 m\u0103run\u021bit (adic\u0103 pietri\u0219)<\/strong>.<\/p>\n<p>Cimentul este un liant hidraulic care con\u021bine pulbere ob\u021binut\u0103 din piatr\u0103 \u0219i care, amestecat cu ap\u0103, se leag\u0103 \u0219i se solidific\u0103.<\/p>\n<p>\u00cen cadrul acestui proces, datorit\u0103 leg\u0103turilor chimice, cimentul prezint\u0103 propriet\u0103\u021bi interesante, care sunt valorificate \u00een procesul de fabricare a betonului.<\/p>\n<p>Cea mai comun\u0103 form\u0103 a cimentului <strong>cimentul Portland, a c\u0103rui materie prim\u0103 principal\u0103 este calcarul \u0219i argila<\/strong>.<\/p>\n<p>\u00cen procesul de fabricare a cimentului, materiile prime sunt mai \u00eent\u00e2i m\u0103run\u021bite \u0219i uscate, apoi amestecate \u0219i \u00eenc\u0103lzite, ob\u021bin\u00e2ndu-se astfel clincherul. Dup\u0103 r\u0103cirea acestuia, prin m\u0103cinarea sa p\u00e2n\u0103 la ob\u021binerea consisten\u021bei pulverulente cunoscute, se ob\u021bine cimentul.<\/p>\n<p>A <strong>Compozi\u021bia tipic\u0103 a betonului: 60-75% nisip \u0219i pietri\u0219, 15-20% ap\u0103 \u0219i 10-15% ciment<\/strong>. Rezisten\u021ba betonului amestecat este invers propor\u021bional\u0103 cu valoarea raportului ap\u0103-ciment.<\/p>\n<p>Flexibilitatea \u0219i stabilitatea sa <a href=\"https:\/\/ecocranes.hu\/ro\/a-darugyartas-alapanyaga-az-acel-iv-resz\/\">bare de o\u021bel<\/a> o putem cre\u0219te prin amplasarea acestuia. La amestecarea betonului, trebuie s\u0103 ne asigur\u0103m c\u0103 folosim doar cantitatea strict necesar\u0103 de ap\u0103 pe parcursul procesului de lucru.<\/p>\n<blockquote>\n<p>\u00cen cazul \u00een care amestec\u0103m betonul \u00een mod tradi\u021bional, manual, unul dintre cele mai frecvente raporturi de amestec este de 1 lopat\u0103 de ciment la 3 lope\u021bi de pietri\u0219.<\/p>\n<\/blockquote>\n<h2><strong>Cu pu\u021bin ajutor e mai u\u0219or<\/strong><\/h2>\n<p>De-a lungul istoriei betonului, cea mai mare schimbare a avut loc \u00een procesul de amestecare a betonului. La \u00eenceputul anilor 1900, r\u0103sp\u00e2ndirea \u0219i utilizarea pe scar\u0103 larg\u0103 a betoniere simple au reprezentat cel mai mare progres.<\/p>\n<blockquote>\n<p><strong>\u0218tiai?<\/strong> Prima betonier\u0103 a fost inventat\u0103 \u00een 1846 de englezul Joseph Aspdin.<\/p>\n<\/blockquote>\n<p>\u00cen prezent, utilajele de ultim\u0103 genera\u021bie pentru produc\u021bia de beton asigur\u0103 \u00eentotdeauna propor\u021biile corespunz\u0103toare.<\/p>\n<p>Deoarece betonul are o durat\u0103 de via\u021b\u0103 \u00eendelungat\u0103, pe termen lung poate duce la deteriorarea mediului. Produc\u021bia de ciment, de exemplu, este responsabil\u0103 pentru emisiile de gaze cu efect de ser\u0103. Din acest motiv, au fost deja elaborate mai multe solu\u021bii durabile, cum ar fi <strong><a href=\"https:\/\/ecocranes.hu\/ro\/daruk-es-emelok-rogzitesenek-gyakori-eszkoze-a-beton\/\">ciment<\/a> pulverizarea<\/strong> \u00een timpul procesului de fabrica\u021bie, ceea ce reduce emisiile de dioxid de carbon.<\/p>\n<p>De-a lungul istoriei sale de c\u00e2teva secole, betonul a evoluat continuu \u0219i s-a adaptat la cerin\u021bele \u00een schimbare, urm\u00e2nd s\u0103 r\u0103m\u00e2n\u0103 cu siguran\u021b\u0103 un material de construc\u021bie de referin\u021b\u0103 pentru o lung\u0103 perioad\u0103 de timp.<\/p>","protected":false},"excerpt":{"rendered":"<p>\u00cen arhitectur\u0103 \u0219i \u00een industria construc\u021biilor, betonul este prezent aproape peste tot acolo unde este nevoie de un material cu o capacitate mare de \u00eenc\u0103rcare. Ce este, de fapt, betonul?<\/p>","protected":false},"author":1,"featured_media":7058,"comment_status":"open","ping_status":"open","sticky":false,"template":"","format":"standard","meta":{"_acf_changed":false,"footnotes":""},"categories":[144,102],"tags":[148],"class_list":["post-7159","post","type-post","status-publish","format-standard","has-post-thumbnail","hentry","category-hasznos-tudas","category-hirek-cikkek","tag-beton","has-thumb"],"acf":[],"yoast_head":"<!-- This site is optimized with the Yoast SEO Premium plugin v26.2 (Yoast SEO v26.6) - https:\/\/yoast.com\/wordpress\/plugins\/seo\/ -->\n<title>Az \u00e9p\u00edtkez\u00e9sek alapk\u00f6ve: a beton - Eco-Cranes<\/title>\n<meta name=\"description\" content=\"Az \u00e9p\u00edt\u00e9szetben \u00e9s az \u00e9p\u00edt\u0151iparban szinte mindenhol jelen van a beton, ahol nagy teherb\u00edr\u00e1s\u00fa anyagra van sz\u00fcks\u00e9g.\" \/>\n<meta name=\"robots\" content=\"index, follow, max-snippet:-1, max-image-preview:large, max-video-preview:-1\" \/>\n<link rel=\"canonical\" href=\"https:\/\/ecocranes.hu\/ro\/az-epitkezesek-alapkove-a-beton\/\" \/>\n<meta property=\"og:locale\" content=\"ro_RO\" \/>\n<meta property=\"og:type\" content=\"article\" \/>\n<meta property=\"og:title\" content=\"Az \u00e9p\u00edtkez\u00e9sek alapk\u00f6ve: a beton\" \/>\n<meta property=\"og:description\" content=\"Az \u00e9p\u00edt\u00e9szetben \u00e9s az \u00e9p\u00edt\u0151iparban szinte mindenhol jelen van a beton, ahol nagy teherb\u00edr\u00e1s\u00fa anyagra van sz\u00fcks\u00e9g.\" \/>\n<meta property=\"og:url\" content=\"https:\/\/ecocranes.hu\/ro\/az-epitkezesek-alapkove-a-beton\/\" \/>\n<meta property=\"og:site_name\" content=\"Eco-Cranes\" \/>\n<meta property=\"article:publisher\" content=\"https:\/\/www.facebook.com\/ecocranes\" \/>\n<meta property=\"article:published_time\" content=\"2023-06-04T19:19:09+00:00\" \/>\n<meta property=\"article:modified_time\" content=\"2025-10-13T14:42:42+00:00\" \/>\n<meta property=\"og:image\" content=\"https:\/\/ecocranes.hu\/wp-content\/uploads\/2025\/10\/26_hidraulikus-ollos-emelo-csere-Eco-Cranes-e1609594549918.jpg\" \/>\n\t<meta property=\"og:image:width\" content=\"1200\" \/>\n\t<meta property=\"og:image:height\" content=\"1200\" \/>\n\t<meta property=\"og:image:type\" content=\"image\/jpeg\" \/>\n<meta name=\"author\" content=\"eco.-admin\" \/>\n<meta name=\"twitter:card\" content=\"summary_large_image\" \/>\n<meta name=\"twitter:label1\" content=\"Scris de\" \/>\n\t<meta name=\"twitter:data1\" content=\"eco.-admin\" \/>\n\t<meta name=\"twitter:label2\" content=\"Timp estimat pentru citire\" \/>\n\t<meta name=\"twitter:data2\" content=\"3 minute\" \/>\n<script type=\"application\/ld+json\" class=\"yoast-schema-graph\">{\"@context\":\"https:\/\/schema.org\",\"@graph\":[{\"@type\":\"Article\",\"@id\":\"https:\/\/ecocranes.hu\/az-epitkezesek-alapkove-a-beton\/#article\",\"isPartOf\":{\"@id\":\"https:\/\/ecocranes.hu\/az-epitkezesek-alapkove-a-beton\/\"},\"author\":{\"name\":\"eco.-admin\",\"@id\":\"https:\/\/ecocranes.hu\/#\/schema\/person\/313efb4c05acc39796b4c6dbd501f01d\"},\"headline\":\"Az \u00e9p\u00edtkez\u00e9sek alapk\u00f6ve: a beton\",\"datePublished\":\"2023-06-04T19:19:09+00:00\",\"dateModified\":\"2025-10-13T14:42:42+00:00\",\"mainEntityOfPage\":{\"@id\":\"https:\/\/ecocranes.hu\/az-epitkezesek-alapkove-a-beton\/\"},\"wordCount\":631,\"commentCount\":0,\"publisher\":{\"@id\":\"https:\/\/ecocranes.hu\/#organization\"},\"image\":{\"@id\":\"https:\/\/ecocranes.hu\/az-epitkezesek-alapkove-a-beton\/#primaryimage\"},\"thumbnailUrl\":\"https:\/\/ecocranes.hu\/wp-content\/uploads\/2025\/10\/26_hidraulikus-ollos-emelo-csere-Eco-Cranes-e1609594549918.jpg\",\"keywords\":[\"beton\"],\"articleSection\":[\"Hasznos tud\u00e1s\",\"H\u00edrek, cikkek\"],\"inLanguage\":\"ro-RO\",\"potentialAction\":[{\"@type\":\"CommentAction\",\"name\":\"Comment\",\"target\":[\"https:\/\/ecocranes.hu\/az-epitkezesek-alapkove-a-beton\/#respond\"]}]},{\"@type\":\"WebPage\",\"@id\":\"https:\/\/ecocranes.hu\/az-epitkezesek-alapkove-a-beton\/\",\"url\":\"https:\/\/ecocranes.hu\/az-epitkezesek-alapkove-a-beton\/\",\"name\":\"Az \u00e9p\u00edtkez\u00e9sek alapk\u00f6ve: a beton - Eco-Cranes\",\"isPartOf\":{\"@id\":\"https:\/\/ecocranes.hu\/#website\"},\"primaryImageOfPage\":{\"@id\":\"https:\/\/ecocranes.hu\/az-epitkezesek-alapkove-a-beton\/#primaryimage\"},\"image\":{\"@id\":\"https:\/\/ecocranes.hu\/az-epitkezesek-alapkove-a-beton\/#primaryimage\"},\"thumbnailUrl\":\"https:\/\/ecocranes.hu\/wp-content\/uploads\/2025\/10\/26_hidraulikus-ollos-emelo-csere-Eco-Cranes-e1609594549918.jpg\",\"datePublished\":\"2023-06-04T19:19:09+00:00\",\"dateModified\":\"2025-10-13T14:42:42+00:00\",\"description\":\"Az \u00e9p\u00edt\u00e9szetben \u00e9s az \u00e9p\u00edt\u0151iparban szinte mindenhol jelen van a beton, ahol nagy teherb\u00edr\u00e1s\u00fa anyagra van sz\u00fcks\u00e9g.\",\"breadcrumb\":{\"@id\":\"https:\/\/ecocranes.hu\/az-epitkezesek-alapkove-a-beton\/#breadcrumb\"},\"inLanguage\":\"ro-RO\",\"potentialAction\":[{\"@type\":\"ReadAction\",\"target\":[\"https:\/\/ecocranes.hu\/az-epitkezesek-alapkove-a-beton\/\"]}],\"speakable\":{\"@type\":\"SpeakableSpecification\",\"cssSelector\":[\"h1\",\".elementor-widget-text-editor\"]}},{\"@type\":\"ImageObject\",\"inLanguage\":\"ro-RO\",\"@id\":\"https:\/\/ecocranes.hu\/az-epitkezesek-alapkove-a-beton\/#primaryimage\",\"url\":\"https:\/\/ecocranes.hu\/wp-content\/uploads\/2025\/10\/26_hidraulikus-ollos-emelo-csere-Eco-Cranes-e1609594549918.jpg\",\"contentUrl\":\"https:\/\/ecocranes.hu\/wp-content\/uploads\/2025\/10\/26_hidraulikus-ollos-emelo-csere-Eco-Cranes-e1609594549918.jpg\",\"width\":1200,\"height\":1200,\"caption\":\"El\u0151nyei \u2013 26 hidraulikus ollos emelo csere Eco Cranes e1609594549918\"},{\"@type\":\"BreadcrumbList\",\"@id\":\"https:\/\/ecocranes.hu\/az-epitkezesek-alapkove-a-beton\/#breadcrumb\",\"itemListElement\":[{\"@type\":\"ListItem\",\"position\":1,\"name\":\"Home\",\"item\":\"https:\/\/ecocranes.hu\/en\/\"},{\"@type\":\"ListItem\",\"position\":2,\"name\":\"Az \u00e9p\u00edtkez\u00e9sek alapk\u00f6ve: a beton\"}]},{\"@type\":\"WebSite\",\"@id\":\"https:\/\/ecocranes.hu\/#website\",\"url\":\"https:\/\/ecocranes.hu\/\",\"name\":\"Eco-Cranes\",\"description\":\"Daruk \u00e9s emel\u0151g\u00e9pek\",\"publisher\":{\"@id\":\"https:\/\/ecocranes.hu\/#organization\"},\"potentialAction\":[{\"@type\":\"SearchAction\",\"target\":{\"@type\":\"EntryPoint\",\"urlTemplate\":\"https:\/\/ecocranes.hu\/?s={search_term_string}\"},\"query-input\":{\"@type\":\"PropertyValueSpecification\",\"valueRequired\":true,\"valueName\":\"search_term_string\"}}],\"inLanguage\":\"ro-RO\"},{\"@type\":\"Organization\",\"@id\":\"https:\/\/ecocranes.hu\/#organization\",\"name\":\"Eco-Cranes\",\"url\":\"https:\/\/ecocranes.hu\/\",\"logo\":{\"@type\":\"ImageObject\",\"inLanguage\":\"ro-RO\",\"@id\":\"https:\/\/ecocranes.hu\/#\/schema\/logo\/image\/\",\"url\":\"https:\/\/ecocranes.hu\/wp-content\/uploads\/2025\/09\/eco-cranes-logo.png\",\"contentUrl\":\"https:\/\/ecocranes.hu\/wp-content\/uploads\/2025\/09\/eco-cranes-logo.png\",\"width\":180,\"height\":18,\"caption\":\"Eco-Cranes\"},\"image\":{\"@id\":\"https:\/\/ecocranes.hu\/#\/schema\/logo\/image\/\"},\"sameAs\":[\"https:\/\/www.facebook.com\/ecocranes\"],\"address\":{\"@type\":\"PostalAddress\",\"streetAddress\":\"Ybl Mikl\u00f3s utca 42.\",\"addressLocality\":\"F\u00f3t\",\"postalCode\":\"2151\",\"addressCountry\":\"HU\"},\"geo\":{\"@type\":\"GeoCoordinates\",\"latitude\":47.61583300000000207319317269138991832733154296875,\"longitude\":19.181837000000001580701791681349277496337890625},\"openingHoursSpecification\":[{\"@type\":\"OpeningHoursSpecification\",\"dayOfWeek\":[\"Monday\",\"Tuesday\",\"Wednesday\",\"Thursday\",\"Friday\"],\"opens\":\"08:00\",\"closes\":\"17:00\"}],\"description\":\"Daruk, h\u00edddaruk, forg\u00f3daruk \u00e9s hidraulikus emel\u0151asztalok tervez\u00e9se, gy\u00e1rt\u00e1sa, telep\u00edt\u00e9se, szervize \u00e9s id\u0151szakos vizsg\u00e1lata.\",\"email\":\"info@ecocranes.hu\",\"telephone\":\"+36 27 360823\",\"legalName\":\"ECO-CRANES HUNGARY Daruk \u00e9s Emel\u0151g\u00e9pek Korl\u00e1tolt Felel\u0151ss\u00e9g\u0171 T\u00e1rsas\u00e1g\",\"vatID\":\"11912606-2-13\"},{\"@type\":\"Person\",\"@id\":\"https:\/\/ecocranes.hu\/#\/schema\/person\/313efb4c05acc39796b4c6dbd501f01d\",\"name\":\"eco.-admin\",\"image\":{\"@type\":\"ImageObject\",\"inLanguage\":\"ro-RO\",\"@id\":\"https:\/\/ecocranes.hu\/#\/schema\/person\/image\/\",\"url\":\"https:\/\/secure.gravatar.com\/avatar\/6f17916a31d634303d44a76de03b51e7eb11a9cfeaf3cefb8caf9b7d770eac89?s=96&d=mm&r=g\",\"contentUrl\":\"https:\/\/secure.gravatar.com\/avatar\/6f17916a31d634303d44a76de03b51e7eb11a9cfeaf3cefb8caf9b7d770eac89?s=96&d=mm&r=g\",\"caption\":\"eco.-admin\"},\"sameAs\":[\"https:\/\/ecocranes.hu\"],\"url\":\"https:\/\/ecocranes.hu\/ro\/author\/eco-admin\/\"}]}<\/script>\n<!-- \/ Yoast SEO Premium plugin. -->","yoast_head_json":{"title":"Az \u00e9p\u00edtkez\u00e9sek alapk\u00f6ve: a beton - Eco-Cranes","description":"Az \u00e9p\u00edt\u00e9szetben \u00e9s az \u00e9p\u00edt\u0151iparban szinte mindenhol jelen van a beton, ahol nagy teherb\u00edr\u00e1s\u00fa anyagra van sz\u00fcks\u00e9g.","robots":{"index":"index","follow":"follow","max-snippet":"max-snippet:-1","max-image-preview":"max-image-preview:large","max-video-preview":"max-video-preview:-1"},"canonical":"https:\/\/ecocranes.hu\/ro\/az-epitkezesek-alapkove-a-beton\/","og_locale":"ro_RO","og_type":"article","og_title":"Az \u00e9p\u00edtkez\u00e9sek alapk\u00f6ve: a beton","og_description":"Az \u00e9p\u00edt\u00e9szetben \u00e9s az \u00e9p\u00edt\u0151iparban szinte mindenhol jelen van a beton, ahol nagy teherb\u00edr\u00e1s\u00fa anyagra van sz\u00fcks\u00e9g.","og_url":"https:\/\/ecocranes.hu\/ro\/az-epitkezesek-alapkove-a-beton\/","og_site_name":"Eco-Cranes","article_publisher":"https:\/\/www.facebook.com\/ecocranes","article_published_time":"2023-06-04T19:19:09+00:00","article_modified_time":"2025-10-13T14:42:42+00:00","og_image":[{"width":1200,"height":1200,"url":"https:\/\/ecocranes.hu\/wp-content\/uploads\/2025\/10\/26_hidraulikus-ollos-emelo-csere-Eco-Cranes-e1609594549918.jpg","type":"image\/jpeg"}],"author":"eco.-admin","twitter_card":"summary_large_image","twitter_misc":{"Scris de":"eco.-admin","Timp estimat pentru citire":"3 minute"},"schema":{"@context":"https:\/\/schema.org","@graph":[{"@type":"Article","@id":"https:\/\/ecocranes.hu\/az-epitkezesek-alapkove-a-beton\/#article","isPartOf":{"@id":"https:\/\/ecocranes.hu\/az-epitkezesek-alapkove-a-beton\/"},"author":{"name":"eco.-admin","@id":"https:\/\/ecocranes.hu\/#\/schema\/person\/313efb4c05acc39796b4c6dbd501f01d"},"headline":"Az \u00e9p\u00edtkez\u00e9sek alapk\u00f6ve: a beton","datePublished":"2023-06-04T19:19:09+00:00","dateModified":"2025-10-13T14:42:42+00:00","mainEntityOfPage":{"@id":"https:\/\/ecocranes.hu\/az-epitkezesek-alapkove-a-beton\/"},"wordCount":631,"commentCount":0,"publisher":{"@id":"https:\/\/ecocranes.hu\/#organization"},"image":{"@id":"https:\/\/ecocranes.hu\/az-epitkezesek-alapkove-a-beton\/#primaryimage"},"thumbnailUrl":"https:\/\/ecocranes.hu\/wp-content\/uploads\/2025\/10\/26_hidraulikus-ollos-emelo-csere-Eco-Cranes-e1609594549918.jpg","keywords":["beton"],"articleSection":["Hasznos tud\u00e1s","H\u00edrek, cikkek"],"inLanguage":"ro-RO","potentialAction":[{"@type":"CommentAction","name":"Comment","target":["https:\/\/ecocranes.hu\/az-epitkezesek-alapkove-a-beton\/#respond"]}]},{"@type":"WebPage","@id":"https:\/\/ecocranes.hu\/az-epitkezesek-alapkove-a-beton\/","url":"https:\/\/ecocranes.hu\/az-epitkezesek-alapkove-a-beton\/","name":"Az \u00e9p\u00edtkez\u00e9sek alapk\u00f6ve: a beton - Eco-Cranes","isPartOf":{"@id":"https:\/\/ecocranes.hu\/#website"},"primaryImageOfPage":{"@id":"https:\/\/ecocranes.hu\/az-epitkezesek-alapkove-a-beton\/#primaryimage"},"image":{"@id":"https:\/\/ecocranes.hu\/az-epitkezesek-alapkove-a-beton\/#primaryimage"},"thumbnailUrl":"https:\/\/ecocranes.hu\/wp-content\/uploads\/2025\/10\/26_hidraulikus-ollos-emelo-csere-Eco-Cranes-e1609594549918.jpg","datePublished":"2023-06-04T19:19:09+00:00","dateModified":"2025-10-13T14:42:42+00:00","description":"Az \u00e9p\u00edt\u00e9szetben \u00e9s az \u00e9p\u00edt\u0151iparban szinte mindenhol jelen van a beton, ahol nagy teherb\u00edr\u00e1s\u00fa anyagra van sz\u00fcks\u00e9g.","breadcrumb":{"@id":"https:\/\/ecocranes.hu\/az-epitkezesek-alapkove-a-beton\/#breadcrumb"},"inLanguage":"ro-RO","potentialAction":[{"@type":"ReadAction","target":["https:\/\/ecocranes.hu\/az-epitkezesek-alapkove-a-beton\/"]}],"speakable":{"@type":"SpeakableSpecification","cssSelector":["h1",".elementor-widget-text-editor"]}},{"@type":"ImageObject","inLanguage":"ro-RO","@id":"https:\/\/ecocranes.hu\/az-epitkezesek-alapkove-a-beton\/#primaryimage","url":"https:\/\/ecocranes.hu\/wp-content\/uploads\/2025\/10\/26_hidraulikus-ollos-emelo-csere-Eco-Cranes-e1609594549918.jpg","contentUrl":"https:\/\/ecocranes.hu\/wp-content\/uploads\/2025\/10\/26_hidraulikus-ollos-emelo-csere-Eco-Cranes-e1609594549918.jpg","width":1200,"height":1200,"caption":"El\u0151nyei \u2013 26 hidraulikus ollos emelo csere Eco Cranes e1609594549918"},{"@type":"BreadcrumbList","@id":"https:\/\/ecocranes.hu\/az-epitkezesek-alapkove-a-beton\/#breadcrumb","itemListElement":[{"@type":"ListItem","position":1,"name":"Home","item":"https:\/\/ecocranes.hu\/en\/"},{"@type":"ListItem","position":2,"name":"Az \u00e9p\u00edtkez\u00e9sek alapk\u00f6ve: a beton"}]},{"@type":"WebSite","@id":"https:\/\/ecocranes.hu\/#website","url":"https:\/\/ecocranes.hu\/","name":"Eco-Cranes","description":"Macarale \u0219i utilaje de ridicare","publisher":{"@id":"https:\/\/ecocranes.hu\/#organization"},"potentialAction":[{"@type":"SearchAction","target":{"@type":"EntryPoint","urlTemplate":"https:\/\/ecocranes.hu\/?s={search_term_string}"},"query-input":{"@type":"PropertyValueSpecification","valueRequired":true,"valueName":"search_term_string"}}],"inLanguage":"ro-RO"},{"@type":"Organization","@id":"https:\/\/ecocranes.hu\/#organization","name":"Eco-Cranes","url":"https:\/\/ecocranes.hu\/","logo":{"@type":"ImageObject","inLanguage":"ro-RO","@id":"https:\/\/ecocranes.hu\/#\/schema\/logo\/image\/","url":"https:\/\/ecocranes.hu\/wp-content\/uploads\/2025\/09\/eco-cranes-logo.png","contentUrl":"https:\/\/ecocranes.hu\/wp-content\/uploads\/2025\/09\/eco-cranes-logo.png","width":180,"height":18,"caption":"Eco-Cranes"},"image":{"@id":"https:\/\/ecocranes.hu\/#\/schema\/logo\/image\/"},"sameAs":["https:\/\/www.facebook.com\/ecocranes"],"address":{"@type":"PostalAddress","streetAddress":"Ybl Mikl\u00f3s utca 42.","addressLocality":"F\u00f3t","postalCode":"2151","addressCountry":"HU"},"geo":{"@type":"GeoCoordinates","latitude":47.61583300000000207319317269138991832733154296875,"longitude":19.181837000000001580701791681349277496337890625},"openingHoursSpecification":[{"@type":"OpeningHoursSpecification","dayOfWeek":["Monday","Tuesday","Wednesday","Thursday","Friday"],"opens":"08:00","closes":"17:00"}],"description":"Daruk, h\u00edddaruk, forg\u00f3daruk \u00e9s hidraulikus emel\u0151asztalok tervez\u00e9se, gy\u00e1rt\u00e1sa, telep\u00edt\u00e9se, szervize \u00e9s id\u0151szakos vizsg\u00e1lata.","email":"info@ecocranes.hu","telephone":"+36 27 360823","legalName":"ECO-CRANES HUNGARY Daruk \u00e9s Emel\u0151g\u00e9pek Korl\u00e1tolt Felel\u0151ss\u00e9g\u0171 T\u00e1rsas\u00e1g","vatID":"11912606-2-13"},{"@type":"Person","@id":"https:\/\/ecocranes.hu\/#\/schema\/person\/313efb4c05acc39796b4c6dbd501f01d","name":"eco.-admin","image":{"@type":"ImageObject","inLanguage":"ro-RO","@id":"https:\/\/ecocranes.hu\/#\/schema\/person\/image\/","url":"https:\/\/secure.gravatar.com\/avatar\/6f17916a31d634303d44a76de03b51e7eb11a9cfeaf3cefb8caf9b7d770eac89?s=96&d=mm&r=g","contentUrl":"https:\/\/secure.gravatar.com\/avatar\/6f17916a31d634303d44a76de03b51e7eb11a9cfeaf3cefb8caf9b7d770eac89?s=96&d=mm&r=g","caption":"eco.-admin"},"sameAs":["https:\/\/ecocranes.hu"],"url":"https:\/\/ecocranes.hu\/ro\/author\/eco-admin\/"}]}},"_links":{"self":[{"href":"https:\/\/ecocranes.hu\/ro\/wp-json\/wp\/v2\/posts\/7159","targetHints":{"allow":["GET"]}}],"collection":[{"href":"https:\/\/ecocranes.hu\/ro\/wp-json\/wp\/v2\/posts"}],"about":[{"href":"https:\/\/ecocranes.hu\/ro\/wp-json\/wp\/v2\/types\/post"}],"author":[{"embeddable":true,"href":"https:\/\/ecocranes.hu\/ro\/wp-json\/wp\/v2\/users\/1"}],"replies":[{"embeddable":true,"href":"https:\/\/ecocranes.hu\/ro\/wp-json\/wp\/v2\/comments?post=7159"}],"version-history":[{"count":0,"href":"https:\/\/ecocranes.hu\/ro\/wp-json\/wp\/v2\/posts\/7159\/revisions"}],"wp:featuredmedia":[{"embeddable":true,"href":"https:\/\/ecocranes.hu\/ro\/wp-json\/wp\/v2\/media\/7058"}],"wp:attachment":[{"href":"https:\/\/ecocranes.hu\/ro\/wp-json\/wp\/v2\/media?parent=7159"}],"wp:term":[{"taxonomy":"category","embeddable":true,"href":"https:\/\/ecocranes.hu\/ro\/wp-json\/wp\/v2\/categories?post=7159"},{"taxonomy":"post_tag","embeddable":true,"href":"https:\/\/ecocranes.hu\/ro\/wp-json\/wp\/v2\/tags?post=7159"}],"curies":[{"name":"wp","href":"https:\/\/api.w.org\/{rel}","templated":true}]}}