{"id":7093,"date":"2022-01-31T21:34:40","date_gmt":"2022-01-31T20:34:40","guid":{"rendered":"https:\/\/ecocranes.hu\/daruink-szinezese-feluletkezelese\/"},"modified":"2025-10-13T16:42:38","modified_gmt":"2025-10-13T14:42:38","slug":"daruink-szinezese-feluletkezelese","status":"publish","type":"post","link":"https:\/\/ecocranes.hu\/ro\/daruink-szinezese-feluletkezelese\/","title":{"rendered":"Vopsirea \u0219i tratarea suprafe\u021belor macaralelor noastre"},"content":{"rendered":"<p><strong>Nenum\u0103rate <\/strong><a href=\"https:\/\/ecocranes.hu\/ro\/daruzasi-megoldasaink\/\"><strong>cu o solu\u021bie<\/strong><\/a><strong> suntem la dispozi\u021bia clien\u021bilor no\u0219tri \u00een toate domeniile tehnicii de ridicare, \u00een ceea ce prive\u0219te <\/strong><a href=\"https:\/\/ecocranes.hu\/ro\/daruk-es-egyeb-emeloszerkezetek-tervezese\/\"><strong>de la proiectare<\/strong><\/a><strong> a <\/strong><a href=\"https:\/\/ecocranes.hu\/ro\/daruk-uzembe-helyezese-es-biztonsagos-mukodtetese\/\"><strong>p\u00e2n\u0103 la instalare<\/strong><\/a><strong>. Cu toate acestea, \u00eentre numeroasele proiecte diferite exist\u0103 \u0219i similitudini. Una dintre acestea este faptul c\u0103, fie c\u0103 este vorba de macarale rotative pe coloan\u0103, macarale pe st\u00e2lp, macarale tradi\u021bionale sau <\/strong><a href=\"https:\/\/ecocranes.hu\/ro\/konnyuszerkezetes-darurendszerek-tervezese-es-gyartasa\/\"><strong>cu structur\u0103 u\u0219oar\u0103<\/strong><\/a><strong> despre macarale de pod de tipul respectiv, <\/strong><a href=\"https:\/\/ecocranes.hu\/ro\/a-hidraulika-alapjai\/\"><strong>hidraulic<\/strong><\/a> <a href=\"https:\/\/ecocranes.hu\/ro\/emelokisokos\/\"><strong>despre dispozitive de ridicare<\/strong><\/a><strong> Fie c\u0103 este vorba de ascensoare, fie de alte tipuri de echipamente de ridicare, le fabric\u0103m astfel \u00eenc\u00e2t s\u0103 fie c\u00e2t mai durabile posibil. Una dintre modalit\u0103\u021bile prin care realiz\u0103m acest lucru este vopsirea corespunz\u0103toare.<\/strong><\/p>\n<p>A <strong>Vopsirea are dou\u0103 scopuri<\/strong>: pe de o parte <strong>afi\u0219eaz\u0103 culorile companiei<\/strong>, astfel \u00eenc\u00e2t <a href=\"https:\/\/ecocranes.hu\/ro\/az-extrem-helyzetek-mesterei-a-pokdaruk\/\">crane<\/a> sau <a href=\"https:\/\/ecocranes.hu\/ro\/legnepszerubb-termekeink-egyike-az-ollos-emelo\/\">dispozitive de ridicare<\/a> se integreaz\u0103 armonios \u00een mediul \u00eenconjur\u0103tor sau, dimpotriv\u0103, \u00ee\u0219i promoveaz\u0103 proprietarul.<\/p>\n<p>O alt\u0103 func\u021bie a vopsirii este aceea c\u0103 <strong>protejeaz\u0103 echipamentele<\/strong> \u00eempotriva coroziunii \u0219i a altor efecte d\u0103un\u0103toare cauzate de intemperii sau de utilizare.<\/p>\n<p>Pentru a ob\u021bine cele mai bune rezultate, produsele noastre sunt fabricate \u0219i livrate clien\u021bilor no\u0219tri, \u00een majoritatea cazurilor, \u00een variant\u0103 pulverizat\u0103.<\/p>\n<h2>Tehnologia \u0219i procesul de pulverizare a pulberii<\/h2>\n<p>Pulverizarea cu pulbere, cunoscut\u0103 \u0219i sub denumirea de sinterizare sau vopsire cu pulbere, reprezint\u0103 o perfec\u021bionare a unei metode anterioare de tratare a suprafe\u021belor, <strong>una dintre cele mai moderne \u0219i mai ecologice tehnologii de tratare a suprafe\u021belor<\/strong>.<\/p>\n<p>Esen\u021ba procedurii const\u0103 \u00een <strong>utilizarea energiei electrice<\/strong>: vopseaua sub form\u0103 de pulbere, aplicat\u0103 cu pistolul de pulverizare, este \u00eenc\u0103rcat\u0103 electrostatic, \u00een timp ce piesa de lucru, cur\u0103\u021bat\u0103, degresat\u0103 \u0219i preg\u0103tit\u0103 pentru vopsire, este legat\u0103 la p\u0103m\u00e2nt. Datorit\u0103 polarit\u0103\u021bii diferite, suprafa\u021ba atrage pulberea de vopsea.<\/p>\n<p>Prin aceast\u0103 procedur\u0103 <strong>se poate ob\u021bine un strat de vopsea cu grosime uniform\u0103<\/strong> pe suprafa\u021b\u0103, \u00een \u00eentregul spectru al scalei RAL, care este at\u00e2t estetic\u0103, c\u00e2t \u0219i rezistent\u0103 la coroziune.<\/p>\n<blockquote><p><em>Scala RAL: RAL este un sistem de corelare a culorilor utilizat \u00een \u00eentreaga Europ\u0103, creat \u0219i administrat de institutul german RAL (Deutsches Institut f\u00fcr G\u00fctesicherung und Kennzeichnung e.V.). Scala indic\u0103 diferitele nuan\u021be \u00een nou\u0103 game de culori, folosind coduri numerice din patru cifre.<\/em><\/p><\/blockquote>\n<p>\u00cen timpul pulveriz\u0103rii cu pulbere, vopseaua <strong>nu necesit\u0103 uscare<\/strong>, procesul se \u00eencheie cu un tratament termic al suprafe\u021bei vopsite la 160-200 \u00b0C, care polimerizeaz\u0103 vopseaua aplicat\u0103, f\u0103c\u00e2nd-o astfel mai dur\u0103 \u0219i mai rezistent\u0103.<\/p>\n<h2>Avantajele pulveriz\u0103rii cu pulbere<\/h2>\n<p><strong>Vopsirea cu pulbere prezint\u0103 mai multe avantaje<\/strong> \u00een compara\u021bie cu tehnicile tradi\u021bionale de vopsire:<\/p>\n<ul>\n<li>Acoperirea cu pulbere nu necesit\u0103 <strong>niciun fel de solvent<\/strong>, de aceea este mult mai ecologic dec\u00e2t metodele tradi\u021bionale de vopsire. Vopsirea se realizeaz\u0103 \u00eentr-un sistem \u00eenchis, astfel \u00eenc\u00e2t nu se produc emisii de substan\u021be nocive.<\/li>\n<li>\u00cen cazul vopselelor sub form\u0103 de pulbere termoplastice sau termodure, utilizate \u00een procesul de vopsire cu pulbere, fa\u021b\u0103 de vopselele tradi\u021bionale <strong>o suprafa\u021b\u0103 mai dur\u0103 \u0219i mai rezistent\u0103<\/strong> poate fi realizat chiar \u0219i pe suprafe\u021be mari.<\/li>\n<li>Vopseaua aplicat\u0103 este rezistent\u0103, <strong>rezist\u0103 excelent la intemperii \u0219i la radia\u021biile UV<\/strong>.<\/li>\n<li>\u00cen compara\u021bie cu vopsirea tradi\u021bional\u0103 <strong>mai rapid, mai ieftin<\/strong><\/li>\n<\/ul>\n<p><a href=\"https:\/\/ecocranes.hu\/ro\/ujabb-sikeres-projekt-ertekmentes-generator-felujitassal\/\">Al\u0103tura\u021bi-v\u0103<\/a> <a href=\"https:\/\/ecocranes.hu\/ro\/ujabb-elegedett-ugyfel-teheremelo-tervezes-es-telepites\/\">mul\u021bumit<\/a> <a href=\"https:\/\/ecocranes.hu\/ro\/ujabb-sikeres-projekt-nyaron-sem-tetlenkedtunk-egyedi-teheremelot-telepitettunk\/\">c\u0103tre clien\u021bii no\u0219tri<\/a>, nu ezita\u021bi s\u0103 ne contacta\u021bi \u0219i s\u0103 stabilim \u00eempreun\u0103 toate detaliile privind macaraua sau dispozitivul dvs. de ridicare <a href=\"https:\/\/ecocranes.hu\/ro\/a-darugyartas-folyamata-a-szukseglet-azonositasatol-a-telepitesig\/\">o parte din<\/a>! \u0218i vopsirea aceleia.<\/p>","protected":false},"excerpt":{"rendered":"<p>Sz\u00e1mtalan megold\u00e1ssal \u00e1llunk \u00fcgyfeleink rendelkez\u00e9s\u00e9re az emel\u00e9stechnika teljes ter\u00fclet\u00e9n a tervez\u00e9st\u0151l a telep\u00edt\u00e9sig. A sz\u00e1mtalan k\u00fcl\u00f6nb\u00f6z\u0151 projektben azonban vannak hasonl\u00f3s\u00e1gok. Ezek egyike, hogy ak\u00e1r oszlopos forg\u00f3darukr\u00f3l, bakdarukr\u00f3l, hagyom\u00e1nyos vagy k\u00f6nny\u0171szerkezetes kivitel\u0171 h\u00edddarukr\u00f3l, hidraulikus emel\u0151kr\u0151l vagy \u00e9pp liftekr\u0151l van sz\u00f3, emel\u0151inket a lehet\u0151 legtart\u00f3sabbra gy\u00e1rtjuk. Ennek egyik eszk\u00f6ze a megfelel\u0151 fest\u00e9s. A fest\u00e9s k\u00e9t c\u00e9lt is [&hellip;]<\/p>\n","protected":false},"author":1,"featured_media":7094,"comment_status":"open","ping_status":"open","sticky":false,"template":"","format":"standard","meta":{"_acf_changed":false,"footnotes":""},"categories":[109,102],"tags":[118,169],"class_list":["post-7093","post","type-post","status-publish","format-standard","has-post-thumbnail","hentry","category-daru","category-hirek-cikkek","tag-darugyartas","tag-feluletkezeles","has-thumb"],"acf":[],"yoast_head":"<!-- This site is optimized with the Yoast SEO Premium plugin v26.2 (Yoast SEO v26.6) - https:\/\/yoast.com\/wordpress\/plugins\/seo\/ -->\n<title>Daruink sz\u00ednez\u00e9se, fel\u00fcletkezel\u00e9se - Eco-Cranes<\/title>\n<meta name=\"description\" content=\"Sz\u00e1mtalan megold\u00e1ssal \u00e1llunk \u00fcgyfeleink rendelkez\u00e9s\u00e9re az emel\u00e9stechnika teljes ter\u00fclet\u00e9n a tervez\u00e9st\u0151l a telep\u00edt\u00e9sig. A sz\u00e1mtalan k\u00fcl\u00f6nb\u00f6z\u0151 projektben\u2026\" \/>\n<meta name=\"robots\" content=\"index, follow, max-snippet:-1, max-image-preview:large, max-video-preview:-1\" \/>\n<link rel=\"canonical\" href=\"https:\/\/ecocranes.hu\/ro\/daruink-szinezese-feluletkezelese\/\" \/>\n<meta property=\"og:locale\" content=\"ro_RO\" \/>\n<meta property=\"og:type\" content=\"article\" \/>\n<meta property=\"og:title\" content=\"Daruink sz\u00ednez\u00e9se, fel\u00fcletkezel\u00e9se\" \/>\n<meta property=\"og:description\" content=\"Sz\u00e1mtalan megold\u00e1ssal \u00e1llunk \u00fcgyfeleink rendelkez\u00e9s\u00e9re az emel\u00e9stechnika teljes ter\u00fclet\u00e9n a tervez\u00e9st\u0151l a telep\u00edt\u00e9sig. A sz\u00e1mtalan k\u00fcl\u00f6nb\u00f6z\u0151 projektben\u2026\" \/>\n<meta property=\"og:url\" content=\"https:\/\/ecocranes.hu\/ro\/daruink-szinezese-feluletkezelese\/\" \/>\n<meta property=\"og:site_name\" content=\"Eco-Cranes\" \/>\n<meta property=\"article:publisher\" content=\"https:\/\/www.facebook.com\/ecocranes\" \/>\n<meta property=\"article:published_time\" content=\"2022-01-31T20:34:40+00:00\" \/>\n<meta property=\"article:modified_time\" content=\"2025-10-13T14:42:38+00:00\" \/>\n<meta property=\"og:image\" content=\"https:\/\/ecocranes.hu\/wp-content\/uploads\/2025\/10\/IMG_20200520_141933.jpg\" \/>\n\t<meta property=\"og:image:width\" content=\"960\" \/>\n\t<meta property=\"og:image:height\" content=\"1280\" \/>\n\t<meta property=\"og:image:type\" content=\"image\/jpeg\" \/>\n<meta name=\"author\" content=\"eco.-admin\" \/>\n<meta name=\"twitter:card\" content=\"summary_large_image\" \/>\n<meta name=\"twitter:label1\" content=\"Scris de\" \/>\n\t<meta name=\"twitter:data1\" content=\"eco.-admin\" \/>\n\t<meta name=\"twitter:label2\" content=\"Timp estimat pentru citire\" \/>\n\t<meta name=\"twitter:data2\" content=\"3 minute\" \/>\n<script type=\"application\/ld+json\" class=\"yoast-schema-graph\">{\"@context\":\"https:\/\/schema.org\",\"@graph\":[{\"@type\":\"Article\",\"@id\":\"https:\/\/ecocranes.hu\/daruink-szinezese-feluletkezelese\/#article\",\"isPartOf\":{\"@id\":\"https:\/\/ecocranes.hu\/daruink-szinezese-feluletkezelese\/\"},\"author\":{\"name\":\"eco.-admin\",\"@id\":\"https:\/\/ecocranes.hu\/#\/schema\/person\/313efb4c05acc39796b4c6dbd501f01d\"},\"headline\":\"Daruink sz\u00ednez\u00e9se, fel\u00fcletkezel\u00e9se\",\"datePublished\":\"2022-01-31T20:34:40+00:00\",\"dateModified\":\"2025-10-13T14:42:38+00:00\",\"mainEntityOfPage\":{\"@id\":\"https:\/\/ecocranes.hu\/daruink-szinezese-feluletkezelese\/\"},\"wordCount\":585,\"commentCount\":0,\"publisher\":{\"@id\":\"https:\/\/ecocranes.hu\/#organization\"},\"image\":{\"@id\":\"https:\/\/ecocranes.hu\/daruink-szinezese-feluletkezelese\/#primaryimage\"},\"thumbnailUrl\":\"https:\/\/ecocranes.hu\/wp-content\/uploads\/2025\/10\/IMG_20200520_141933.jpg\",\"keywords\":[\"darugy\u00e1rt\u00e1s\",\"fel\u00fcletkezel\u00e9s\"],\"articleSection\":[\"Daru\",\"H\u00edrek, cikkek\"],\"inLanguage\":\"ro-RO\",\"potentialAction\":[{\"@type\":\"CommentAction\",\"name\":\"Comment\",\"target\":[\"https:\/\/ecocranes.hu\/daruink-szinezese-feluletkezelese\/#respond\"]}]},{\"@type\":\"WebPage\",\"@id\":\"https:\/\/ecocranes.hu\/daruink-szinezese-feluletkezelese\/\",\"url\":\"https:\/\/ecocranes.hu\/daruink-szinezese-feluletkezelese\/\",\"name\":\"Daruink sz\u00ednez\u00e9se, fel\u00fcletkezel\u00e9se - Eco-Cranes\",\"isPartOf\":{\"@id\":\"https:\/\/ecocranes.hu\/#website\"},\"primaryImageOfPage\":{\"@id\":\"https:\/\/ecocranes.hu\/daruink-szinezese-feluletkezelese\/#primaryimage\"},\"image\":{\"@id\":\"https:\/\/ecocranes.hu\/daruink-szinezese-feluletkezelese\/#primaryimage\"},\"thumbnailUrl\":\"https:\/\/ecocranes.hu\/wp-content\/uploads\/2025\/10\/IMG_20200520_141933.jpg\",\"datePublished\":\"2022-01-31T20:34:40+00:00\",\"dateModified\":\"2025-10-13T14:42:38+00:00\",\"description\":\"Sz\u00e1mtalan megold\u00e1ssal \u00e1llunk \u00fcgyfeleink rendelkez\u00e9s\u00e9re az emel\u00e9stechnika teljes ter\u00fclet\u00e9n a tervez\u00e9st\u0151l a telep\u00edt\u00e9sig. A sz\u00e1mtalan k\u00fcl\u00f6nb\u00f6z\u0151 projektben\u2026\",\"breadcrumb\":{\"@id\":\"https:\/\/ecocranes.hu\/daruink-szinezese-feluletkezelese\/#breadcrumb\"},\"inLanguage\":\"ro-RO\",\"potentialAction\":[{\"@type\":\"ReadAction\",\"target\":[\"https:\/\/ecocranes.hu\/daruink-szinezese-feluletkezelese\/\"]}],\"speakable\":{\"@type\":\"SpeakableSpecification\",\"cssSelector\":[\"h1\",\".elementor-widget-text-editor\"]}},{\"@type\":\"ImageObject\",\"inLanguage\":\"ro-RO\",\"@id\":\"https:\/\/ecocranes.hu\/daruink-szinezese-feluletkezelese\/#primaryimage\",\"url\":\"https:\/\/ecocranes.hu\/wp-content\/uploads\/2025\/10\/IMG_20200520_141933.jpg\",\"contentUrl\":\"https:\/\/ecocranes.hu\/wp-content\/uploads\/2025\/10\/IMG_20200520_141933.jpg\",\"width\":960,\"height\":1280,\"caption\":\"S\u00e1rga h\u00edddaru-tart\u00f3 k\u00e9t SWF emel\u0151m\u0171vel \u00e9s vonszolt k\u00e1belvezet\u00e9ssel, aluln\u00e9zetb\u0151l\"},{\"@type\":\"BreadcrumbList\",\"@id\":\"https:\/\/ecocranes.hu\/daruink-szinezese-feluletkezelese\/#breadcrumb\",\"itemListElement\":[{\"@type\":\"ListItem\",\"position\":1,\"name\":\"Home\",\"item\":\"https:\/\/ecocranes.hu\/en\/\"},{\"@type\":\"ListItem\",\"position\":2,\"name\":\"Daruink sz\u00ednez\u00e9se, fel\u00fcletkezel\u00e9se\"}]},{\"@type\":\"WebSite\",\"@id\":\"https:\/\/ecocranes.hu\/#website\",\"url\":\"https:\/\/ecocranes.hu\/\",\"name\":\"Eco-Cranes\",\"description\":\"Daruk \u00e9s emel\u0151g\u00e9pek\",\"publisher\":{\"@id\":\"https:\/\/ecocranes.hu\/#organization\"},\"potentialAction\":[{\"@type\":\"SearchAction\",\"target\":{\"@type\":\"EntryPoint\",\"urlTemplate\":\"https:\/\/ecocranes.hu\/?s={search_term_string}\"},\"query-input\":{\"@type\":\"PropertyValueSpecification\",\"valueRequired\":true,\"valueName\":\"search_term_string\"}}],\"inLanguage\":\"ro-RO\"},{\"@type\":\"Organization\",\"@id\":\"https:\/\/ecocranes.hu\/#organization\",\"name\":\"Eco-Cranes\",\"url\":\"https:\/\/ecocranes.hu\/\",\"logo\":{\"@type\":\"ImageObject\",\"inLanguage\":\"ro-RO\",\"@id\":\"https:\/\/ecocranes.hu\/#\/schema\/logo\/image\/\",\"url\":\"https:\/\/ecocranes.hu\/wp-content\/uploads\/2025\/09\/eco-cranes-logo.png\",\"contentUrl\":\"https:\/\/ecocranes.hu\/wp-content\/uploads\/2025\/09\/eco-cranes-logo.png\",\"width\":180,\"height\":18,\"caption\":\"Eco-Cranes\"},\"image\":{\"@id\":\"https:\/\/ecocranes.hu\/#\/schema\/logo\/image\/\"},\"sameAs\":[\"https:\/\/www.facebook.com\/ecocranes\"],\"address\":{\"@type\":\"PostalAddress\",\"streetAddress\":\"Ybl Mikl\u00f3s utca 42.\",\"addressLocality\":\"F\u00f3t\",\"postalCode\":\"2151\",\"addressCountry\":\"HU\"},\"geo\":{\"@type\":\"GeoCoordinates\",\"latitude\":47.61583300000000207319317269138991832733154296875,\"longitude\":19.181837000000001580701791681349277496337890625},\"openingHoursSpecification\":[{\"@type\":\"OpeningHoursSpecification\",\"dayOfWeek\":[\"Monday\",\"Tuesday\",\"Wednesday\",\"Thursday\",\"Friday\"],\"opens\":\"08:00\",\"closes\":\"17:00\"}],\"description\":\"Daruk, h\u00edddaruk, forg\u00f3daruk \u00e9s hidraulikus emel\u0151asztalok tervez\u00e9se, gy\u00e1rt\u00e1sa, telep\u00edt\u00e9se, szervize \u00e9s id\u0151szakos vizsg\u00e1lata.\",\"email\":\"info@ecocranes.hu\",\"telephone\":\"+36 27 360823\",\"legalName\":\"ECO-CRANES HUNGARY Daruk \u00e9s Emel\u0151g\u00e9pek Korl\u00e1tolt Felel\u0151ss\u00e9g\u0171 T\u00e1rsas\u00e1g\",\"vatID\":\"11912606-2-13\"},{\"@type\":\"Person\",\"@id\":\"https:\/\/ecocranes.hu\/#\/schema\/person\/313efb4c05acc39796b4c6dbd501f01d\",\"name\":\"eco.-admin\",\"image\":{\"@type\":\"ImageObject\",\"inLanguage\":\"ro-RO\",\"@id\":\"https:\/\/ecocranes.hu\/#\/schema\/person\/image\/\",\"url\":\"https:\/\/secure.gravatar.com\/avatar\/6f17916a31d634303d44a76de03b51e7eb11a9cfeaf3cefb8caf9b7d770eac89?s=96&d=mm&r=g\",\"contentUrl\":\"https:\/\/secure.gravatar.com\/avatar\/6f17916a31d634303d44a76de03b51e7eb11a9cfeaf3cefb8caf9b7d770eac89?s=96&d=mm&r=g\",\"caption\":\"eco.-admin\"},\"sameAs\":[\"https:\/\/ecocranes.hu\"],\"url\":\"https:\/\/ecocranes.hu\/ro\/author\/eco-admin\/\"}]}<\/script>\n<!-- \/ Yoast SEO Premium plugin. -->","yoast_head_json":{"title":"Daruink sz\u00ednez\u00e9se, fel\u00fcletkezel\u00e9se - Eco-Cranes","description":"Sz\u00e1mtalan megold\u00e1ssal \u00e1llunk \u00fcgyfeleink rendelkez\u00e9s\u00e9re az emel\u00e9stechnika teljes ter\u00fclet\u00e9n a tervez\u00e9st\u0151l a telep\u00edt\u00e9sig. A sz\u00e1mtalan k\u00fcl\u00f6nb\u00f6z\u0151 projektben\u2026","robots":{"index":"index","follow":"follow","max-snippet":"max-snippet:-1","max-image-preview":"max-image-preview:large","max-video-preview":"max-video-preview:-1"},"canonical":"https:\/\/ecocranes.hu\/ro\/daruink-szinezese-feluletkezelese\/","og_locale":"ro_RO","og_type":"article","og_title":"Daruink sz\u00ednez\u00e9se, fel\u00fcletkezel\u00e9se","og_description":"Sz\u00e1mtalan megold\u00e1ssal \u00e1llunk \u00fcgyfeleink rendelkez\u00e9s\u00e9re az emel\u00e9stechnika teljes ter\u00fclet\u00e9n a tervez\u00e9st\u0151l a telep\u00edt\u00e9sig. A sz\u00e1mtalan k\u00fcl\u00f6nb\u00f6z\u0151 projektben\u2026","og_url":"https:\/\/ecocranes.hu\/ro\/daruink-szinezese-feluletkezelese\/","og_site_name":"Eco-Cranes","article_publisher":"https:\/\/www.facebook.com\/ecocranes","article_published_time":"2022-01-31T20:34:40+00:00","article_modified_time":"2025-10-13T14:42:38+00:00","og_image":[{"width":960,"height":1280,"url":"https:\/\/ecocranes.hu\/wp-content\/uploads\/2025\/10\/IMG_20200520_141933.jpg","type":"image\/jpeg"}],"author":"eco.-admin","twitter_card":"summary_large_image","twitter_misc":{"Scris de":"eco.-admin","Timp estimat pentru citire":"3 minute"},"schema":{"@context":"https:\/\/schema.org","@graph":[{"@type":"Article","@id":"https:\/\/ecocranes.hu\/daruink-szinezese-feluletkezelese\/#article","isPartOf":{"@id":"https:\/\/ecocranes.hu\/daruink-szinezese-feluletkezelese\/"},"author":{"name":"eco.-admin","@id":"https:\/\/ecocranes.hu\/#\/schema\/person\/313efb4c05acc39796b4c6dbd501f01d"},"headline":"Daruink sz\u00ednez\u00e9se, fel\u00fcletkezel\u00e9se","datePublished":"2022-01-31T20:34:40+00:00","dateModified":"2025-10-13T14:42:38+00:00","mainEntityOfPage":{"@id":"https:\/\/ecocranes.hu\/daruink-szinezese-feluletkezelese\/"},"wordCount":585,"commentCount":0,"publisher":{"@id":"https:\/\/ecocranes.hu\/#organization"},"image":{"@id":"https:\/\/ecocranes.hu\/daruink-szinezese-feluletkezelese\/#primaryimage"},"thumbnailUrl":"https:\/\/ecocranes.hu\/wp-content\/uploads\/2025\/10\/IMG_20200520_141933.jpg","keywords":["darugy\u00e1rt\u00e1s","fel\u00fcletkezel\u00e9s"],"articleSection":["Daru","H\u00edrek, cikkek"],"inLanguage":"ro-RO","potentialAction":[{"@type":"CommentAction","name":"Comment","target":["https:\/\/ecocranes.hu\/daruink-szinezese-feluletkezelese\/#respond"]}]},{"@type":"WebPage","@id":"https:\/\/ecocranes.hu\/daruink-szinezese-feluletkezelese\/","url":"https:\/\/ecocranes.hu\/daruink-szinezese-feluletkezelese\/","name":"Daruink sz\u00ednez\u00e9se, fel\u00fcletkezel\u00e9se - Eco-Cranes","isPartOf":{"@id":"https:\/\/ecocranes.hu\/#website"},"primaryImageOfPage":{"@id":"https:\/\/ecocranes.hu\/daruink-szinezese-feluletkezelese\/#primaryimage"},"image":{"@id":"https:\/\/ecocranes.hu\/daruink-szinezese-feluletkezelese\/#primaryimage"},"thumbnailUrl":"https:\/\/ecocranes.hu\/wp-content\/uploads\/2025\/10\/IMG_20200520_141933.jpg","datePublished":"2022-01-31T20:34:40+00:00","dateModified":"2025-10-13T14:42:38+00:00","description":"Sz\u00e1mtalan megold\u00e1ssal \u00e1llunk \u00fcgyfeleink rendelkez\u00e9s\u00e9re az emel\u00e9stechnika teljes ter\u00fclet\u00e9n a tervez\u00e9st\u0151l a telep\u00edt\u00e9sig. A sz\u00e1mtalan k\u00fcl\u00f6nb\u00f6z\u0151 projektben\u2026","breadcrumb":{"@id":"https:\/\/ecocranes.hu\/daruink-szinezese-feluletkezelese\/#breadcrumb"},"inLanguage":"ro-RO","potentialAction":[{"@type":"ReadAction","target":["https:\/\/ecocranes.hu\/daruink-szinezese-feluletkezelese\/"]}],"speakable":{"@type":"SpeakableSpecification","cssSelector":["h1",".elementor-widget-text-editor"]}},{"@type":"ImageObject","inLanguage":"ro-RO","@id":"https:\/\/ecocranes.hu\/daruink-szinezese-feluletkezelese\/#primaryimage","url":"https:\/\/ecocranes.hu\/wp-content\/uploads\/2025\/10\/IMG_20200520_141933.jpg","contentUrl":"https:\/\/ecocranes.hu\/wp-content\/uploads\/2025\/10\/IMG_20200520_141933.jpg","width":960,"height":1280,"caption":"S\u00e1rga h\u00edddaru-tart\u00f3 k\u00e9t SWF emel\u0151m\u0171vel \u00e9s vonszolt k\u00e1belvezet\u00e9ssel, aluln\u00e9zetb\u0151l"},{"@type":"BreadcrumbList","@id":"https:\/\/ecocranes.hu\/daruink-szinezese-feluletkezelese\/#breadcrumb","itemListElement":[{"@type":"ListItem","position":1,"name":"Home","item":"https:\/\/ecocranes.hu\/en\/"},{"@type":"ListItem","position":2,"name":"Daruink sz\u00ednez\u00e9se, fel\u00fcletkezel\u00e9se"}]},{"@type":"WebSite","@id":"https:\/\/ecocranes.hu\/#website","url":"https:\/\/ecocranes.hu\/","name":"Eco-Cranes","description":"Macarale \u0219i utilaje de ridicare","publisher":{"@id":"https:\/\/ecocranes.hu\/#organization"},"potentialAction":[{"@type":"SearchAction","target":{"@type":"EntryPoint","urlTemplate":"https:\/\/ecocranes.hu\/?s={search_term_string}"},"query-input":{"@type":"PropertyValueSpecification","valueRequired":true,"valueName":"search_term_string"}}],"inLanguage":"ro-RO"},{"@type":"Organization","@id":"https:\/\/ecocranes.hu\/#organization","name":"Eco-Cranes","url":"https:\/\/ecocranes.hu\/","logo":{"@type":"ImageObject","inLanguage":"ro-RO","@id":"https:\/\/ecocranes.hu\/#\/schema\/logo\/image\/","url":"https:\/\/ecocranes.hu\/wp-content\/uploads\/2025\/09\/eco-cranes-logo.png","contentUrl":"https:\/\/ecocranes.hu\/wp-content\/uploads\/2025\/09\/eco-cranes-logo.png","width":180,"height":18,"caption":"Eco-Cranes"},"image":{"@id":"https:\/\/ecocranes.hu\/#\/schema\/logo\/image\/"},"sameAs":["https:\/\/www.facebook.com\/ecocranes"],"address":{"@type":"PostalAddress","streetAddress":"Ybl Mikl\u00f3s utca 42.","addressLocality":"F\u00f3t","postalCode":"2151","addressCountry":"HU"},"geo":{"@type":"GeoCoordinates","latitude":47.61583300000000207319317269138991832733154296875,"longitude":19.181837000000001580701791681349277496337890625},"openingHoursSpecification":[{"@type":"OpeningHoursSpecification","dayOfWeek":["Monday","Tuesday","Wednesday","Thursday","Friday"],"opens":"08:00","closes":"17:00"}],"description":"Daruk, h\u00edddaruk, forg\u00f3daruk \u00e9s hidraulikus emel\u0151asztalok tervez\u00e9se, gy\u00e1rt\u00e1sa, telep\u00edt\u00e9se, szervize \u00e9s id\u0151szakos vizsg\u00e1lata.","email":"info@ecocranes.hu","telephone":"+36 27 360823","legalName":"ECO-CRANES HUNGARY Daruk \u00e9s Emel\u0151g\u00e9pek Korl\u00e1tolt Felel\u0151ss\u00e9g\u0171 T\u00e1rsas\u00e1g","vatID":"11912606-2-13"},{"@type":"Person","@id":"https:\/\/ecocranes.hu\/#\/schema\/person\/313efb4c05acc39796b4c6dbd501f01d","name":"eco.-admin","image":{"@type":"ImageObject","inLanguage":"ro-RO","@id":"https:\/\/ecocranes.hu\/#\/schema\/person\/image\/","url":"https:\/\/secure.gravatar.com\/avatar\/6f17916a31d634303d44a76de03b51e7eb11a9cfeaf3cefb8caf9b7d770eac89?s=96&d=mm&r=g","contentUrl":"https:\/\/secure.gravatar.com\/avatar\/6f17916a31d634303d44a76de03b51e7eb11a9cfeaf3cefb8caf9b7d770eac89?s=96&d=mm&r=g","caption":"eco.-admin"},"sameAs":["https:\/\/ecocranes.hu"],"url":"https:\/\/ecocranes.hu\/ro\/author\/eco-admin\/"}]}},"_links":{"self":[{"href":"https:\/\/ecocranes.hu\/ro\/wp-json\/wp\/v2\/posts\/7093","targetHints":{"allow":["GET"]}}],"collection":[{"href":"https:\/\/ecocranes.hu\/ro\/wp-json\/wp\/v2\/posts"}],"about":[{"href":"https:\/\/ecocranes.hu\/ro\/wp-json\/wp\/v2\/types\/post"}],"author":[{"embeddable":true,"href":"https:\/\/ecocranes.hu\/ro\/wp-json\/wp\/v2\/users\/1"}],"replies":[{"embeddable":true,"href":"https:\/\/ecocranes.hu\/ro\/wp-json\/wp\/v2\/comments?post=7093"}],"version-history":[{"count":0,"href":"https:\/\/ecocranes.hu\/ro\/wp-json\/wp\/v2\/posts\/7093\/revisions"}],"wp:featuredmedia":[{"embeddable":true,"href":"https:\/\/ecocranes.hu\/ro\/wp-json\/wp\/v2\/media\/7094"}],"wp:attachment":[{"href":"https:\/\/ecocranes.hu\/ro\/wp-json\/wp\/v2\/media?parent=7093"}],"wp:term":[{"taxonomy":"category","embeddable":true,"href":"https:\/\/ecocranes.hu\/ro\/wp-json\/wp\/v2\/categories?post=7093"},{"taxonomy":"post_tag","embeddable":true,"href":"https:\/\/ecocranes.hu\/ro\/wp-json\/wp\/v2\/tags?post=7093"}],"curies":[{"name":"wp","href":"https:\/\/api.w.org\/{rel}","templated":true}]}}