{"id":7078,"date":"2021-09-23T16:44:32","date_gmt":"2021-09-23T14:44:32","guid":{"rendered":"https:\/\/ecocranes.hu\/ujabb-sikeres-projekt-nyaron-sem-tetlenkedtunk-egyedi-teheremelot-telepitettunk\/"},"modified":"2025-10-13T16:42:37","modified_gmt":"2025-10-13T14:42:37","slug":"ujabb-sikeres-projekt-nyaron-sem-tetlenkedtunk-egyedi-teheremelot-telepitettunk","status":"publish","type":"post","link":"https:\/\/ecocranes.hu\/ro\/ujabb-sikeres-projekt-nyaron-sem-tetlenkedtunk-egyedi-teheremelot-telepitettunk\/","title":{"rendered":"Un alt proiect de succes: Nici vara nu am stat degeaba, am instalat un dispozitiv de ridicare personalizat"},"content":{"rendered":"<p><strong>Litoralul, Lacul Balaton, mun\u021bii. Familia, prietenii, odihna. Pentru mul\u021bi, asta \u00eenseamn\u0103 vara, \u00eens\u0103 pentru noi, pe l\u00e2ng\u0103 odihn\u0103, ultimele c\u00e2teva luni au adus \u0219i multe sarcini. De exemplu, un nou proiect finalizat, de data aceasta o zon\u0103 \u00eemprejmuit\u0103 <\/strong><a href=\"https:\/\/ecocranes.hu\/ro\/products\/hidraulikus-emeloasztalok-2\/\"><strong>realizarea integral\u0103 a unui echipament de ridicare a \u00eenc\u0103rc\u0103turilor<\/strong><\/a><strong>.<\/strong><\/p>\n<h2>Rezultatul unei colabor\u0103ri de c\u00e2teva luni<\/h2>\n<p>Compania client se ocup\u0103 cu produc\u021bia de u\u0219i \u0219i ferestre, iar cele instalate de compania noastr\u0103 <em><strong>Cu ajutorul unui nou dispozitiv hidraulic de ridicare, se manipuleaz\u0103 diverse profile \u0219i pl\u0103ci de sticl\u0103. <\/strong><\/em><\/p>\n<p><em><strong>Proiectarea \u0219i execu\u021bia<\/strong><\/em> de dou\u0103 luni \u0219i jum\u0103tate <a href=\"https:\/\/ecocranes.hu\/ro\/a-darugyartas-folyamata-a-szukseglet-azonositasatol-a-telepitesig\/\">procesul<\/a> Pe parcursul acestui proces, clientul a colaborat str\u00e2ns cu colegii no\u0219tri, iar produsul finalizat \u0219i de atunci <a href=\"https:\/\/ecocranes.hu\/ro\/daruk-es-egyeb-emelogepek-dokumentacioja\/\">predat<\/a> <a href=\"https:\/\/ecocranes.hu\/ro\/emelokisokos\/\">dispozitiv de ridicare a \u00eenc\u0103rc\u0103turilor<\/a> astfel \u00eenc\u00e2t \u00eendepline\u0219te perfect cerin\u021bele care i se impun.<\/p>\n<p>Sistemul instalat recent \u00eentr-o min\u0103, <a href=\"https:\/\/ecocranes.hu\/ro\/sikeres-projektjeink-egyike-kulteri-korulkeritett-technologiai-emelo\/\"><strong>cu spa\u021biu \u00eemprejmuit<\/strong><\/a><strong> privind deplasarea unui echipament de ridicare a \u00eenc\u0103rc\u0103turilor la o \u00een\u0103l\u021bime mare <\/strong><a href=\"https:\/\/ecocranes.hu\/ro\/a-hidraulika-alapjai\/\"><strong>hidraulic<\/strong><\/a> <a href=\"https:\/\/ecocranes.hu\/ro\/legnepszerubb-termekeink-egyike-az-ollos-emelo\/\"><strong>dispozitiv de ridicare cu cle\u0219te<\/strong><\/a><strong> se asigur\u0103<\/strong>. \u00cen timpul amenaj\u0103rii amplasamentului \u0219i al construc\u021biei cl\u0103dirii <a href=\"https:\/\/ecocranes.hu\/ro\/daruk-es-emelok-rogzitesenek-gyakori-eszkoze-a-beton\/\">din beton<\/a> S-a realizat pu\u021bul liftului, iar \u00een acesta am amplasat platforma de ridicare.<\/p>\n<blockquote>\n<p>Atunci c\u00e2nd dori\u021bi s\u0103 amenaja\u021bi un nou sediu, v\u0103 recomand\u0103m s\u0103 ne contacta\u021bi \u00eenc\u0103 \u00eenainte de \u00eenceperea lucr\u0103rilor de construc\u021bie, deoarece <strong>pentru realizarea pu\u021bului, de execu\u021bie <\/strong><a href=\"https:\/\/ecocranes.hu\/ro\/daruk-es-egyeb-emeloszerkezetek-tervezese\/\"><strong>planuri<\/strong><\/a><strong> \u0219i putem furniza at\u00e2t specifica\u021biile tehnice, c\u00e2t \u0219i descrierea tehnic\u0103<\/strong>.<\/p>\n<\/blockquote>\n<p>Acestea con\u021bin <a href=\"https:\/\/ecocranes.hu\/ro\/daruk-aramellatasa\/\">cabluri de alimentare \u0219i de comand\u0103<\/a> recomand\u0103rile noastre privind tubulatura de protec\u021bie, precum \u0219i descrierea modului de realizare a sistemelor de drenaj necesare \u00een cazul dispozitivelor de ridicare care urmeaz\u0103 s\u0103 fie instalate \u00een exterior \u0219i cerin\u021bele impuse acestora. Lucr\u0103rile \u00eencepute \u00eenc\u0103 din aceast\u0103 etap\u0103 timpurie <strong>Aceast\u0103 colaborare simplific\u0103 \u0219i accelereaz\u0103 considerabil procesul de instalare a dispozitivelor de ridicare \u0219i a lifturilor \u00een viitor<\/strong>, a\u0219a c\u0103 merit\u0103 s\u0103 ne g\u00e2ndim din timp.<\/p>\n<p>\t\t\t\t\t\t\t\t\t\t<img loading=\"lazy\" decoding=\"async\" width=\"683\" height=\"1024\" src=\"https:\/\/ecocranes.hu\/wp-content\/uploads\/2021\/09\/ecocranes_korulkeritett_teru_teheremelo_20210830-4-683x1024.jpg\" alt=\"K\u00f6r\u00fclker\u00edtett ter\u0171 teheremel\u0151 - Eco-Cranes\" srcset=\"https:\/\/ecocranes.hu\/wp-content\/uploads\/2021\/09\/ecocranes_korulkeritett_teru_teheremelo_20210830-4-683x1024.jpg 683w, https:\/\/ecocranes.hu\/wp-content\/uploads\/2021\/09\/ecocranes_korulkeritett_teru_teheremelo_20210830-4-200x300.jpg 200w, https:\/\/ecocranes.hu\/wp-content\/uploads\/2021\/09\/ecocranes_korulkeritett_teru_teheremelo_20210830-4-768x1152.jpg 768w, https:\/\/ecocranes.hu\/wp-content\/uploads\/2021\/09\/ecocranes_korulkeritett_teru_teheremelo_20210830-4-560x840.jpg 560w, https:\/\/ecocranes.hu\/wp-content\/uploads\/2021\/09\/ecocranes_korulkeritett_teru_teheremelo_20210830-4-400x600.jpg 400w, https:\/\/ecocranes.hu\/wp-content\/uploads\/2021\/09\/ecocranes_korulkeritett_teru_teheremelo_20210830-4-450x675.jpg 450w, https:\/\/ecocranes.hu\/wp-content\/uploads\/2021\/09\/ecocranes_korulkeritett_teru_teheremelo_20210830-4-720x1080.jpg 720w, https:\/\/ecocranes.hu\/wp-content\/uploads\/2021\/09\/ecocranes_korulkeritett_teru_teheremelo_20210830-4.jpg 800w\" sizes=\"auto, (max-width: 683px) 100vw, 683px\" \/>\t\t\t\t\t\t\t\t\t\t\t<\/p>\n<h2>Faptele concrete<\/h2>\n<p>Elevatorul pentru uz interior, predat \u00een luna septembrie <em><strong>capacitatea maxim\u0103 de \u00eenc\u0103rcare de 2000 kg<\/strong><\/em>, iar aceast\u0103 greutate o poate ridica la pu\u021bin peste 5 metri, \u00eentruc\u00e2t \u00een\u0103l\u021bimea maxim\u0103 de ridicare este de 5050 mm. Acesta <a href=\"https:\/\/ecocranes.hu\/ro\/a-darugyartas-alapanyaga-az-acel-ii-resz\/\">din o\u021bel<\/a> Dimensiunile platformei realizate sunt de 2940 x 1660 mm.<\/p>\n<h2>Rela\u021bia va r\u0103m\u00e2ne neschimbat\u0103<\/h2>\n<p><a href=\"https:\/\/ecocranes.hu\/ro\/kotott-palyas-beton-athordo-es-szallito-kocsik-tervezese-es-kivitelezese\/\">Cu clien\u021bii no\u0219tri<\/a> lifturile, <a href=\"https:\/\/ecocranes.hu\/ro\/ujabb-elegedett-ugyfel-teheremelo-tervezes-es-telepites\/\">dispozitive de ridicare<\/a> nici dup\u0103 predare leg\u0103tura nu se \u00eentrerupe, <strong>av\u00e2nd \u00een vedere c\u0103, at\u00e2t \u00een perioada de garan\u021bie, c\u00e2t \u0219i dup\u0103 expirarea acesteia <\/strong><a href=\"https:\/\/ecocranes.hu\/ro\/a-nyugodt-biztonsagos-anyagmozgatas-zaloga-a-daruk-rendszeres-vizsgalata\/\"><strong>revizuiri<\/strong><\/a><strong> \u0219i <\/strong><a href=\"https:\/\/ecocranes.hu\/ro\/ha-gond-van-hivjon-jovunk-daru-es-emelojavitas-szakszeruen\/\"><strong>repara\u021bii<\/strong><\/a><strong> pe parcursul <\/strong>la fel<strong> pot conta pe noi<\/strong>, ca o eventual\u0103 extindere, <a href=\"https:\/\/ecocranes.hu\/ro\/hidraulikus-ollos-emelo-csereje\/\">schimb<\/a>, sau poate <a href=\"https:\/\/ecocranes.hu\/ro\/ujabb-sikeres-projekt-ertekmentes-generator-felujitassal\/\">renovare<\/a> \u00een cazul respectiv.<\/p>\n<p>Dac\u0103 inten\u021biona\u021bi s\u0103 instala\u021bi un elevator sau un lift, nu ezita\u021bi s\u0103 ne contacta\u021bi, prezenta\u021bi-ne ideile dumneavoastr\u0103 privind tehnologia de ridicare, iar noi <strong>\u00een mod profesionist, rapid \u0219i <\/strong><a href=\"https:\/\/ecocranes.hu\/ro\/mitol-fugg-egy-teherlift-vagy-felvono-ara\/\"><strong>la un pre\u021b avantajos<\/strong><\/a> le vom pune \u00een practic\u0103!<\/p>","protected":false},"excerpt":{"rendered":"<p>Partenerul nostru ne-a contactat \u00een timpul amenaj\u0103rii noii sale sedii, pentru a ne \u00eencredin\u021ba realizarea integral\u0103 a unui spa\u021biu de ridicare a \u00eenc\u0103rc\u0103turilor, delimitat de garduri.<\/p>","protected":false},"author":1,"featured_media":7079,"comment_status":"open","ping_status":"open","sticky":false,"template":"","format":"standard","meta":{"_acf_changed":false,"footnotes":""},"categories":[102,103],"tags":[129,156,127],"class_list":["post-7078","post","type-post","status-publish","format-standard","has-post-thumbnail","hentry","category-hirek-cikkek","category-sikeres-projektjeink","tag-emelestechnika","tag-teheremelo","tag-teherlift","has-thumb"],"acf":[],"yoast_head":"<!-- This site is optimized with the Yoast SEO Premium plugin v26.2 (Yoast SEO v26.6) - https:\/\/yoast.com\/wordpress\/plugins\/seo\/ -->\n<title>\u00dajabb sikeres projekt: Ny\u00e1ron sem t\u00e9tlenkedt\u00fcnk, egyedi teheremel\u0151t telep\u00edtett\u00fcnk - Eco-Cranes<\/title>\n<meta name=\"description\" content=\"Partner\u00fcnk \u00faj telephelye kialak\u00edt\u00e1sa sor\u00e1n vette fel vel\u00fcnk a kapcsolatot, hogy egy k\u00f6r\u00fclker\u00edtett teheremel\u0151 teljes kivitelez\u00e9s\u00e9vel val\u00f3s\u00edtsuk meg.\" \/>\n<meta name=\"robots\" content=\"index, follow, max-snippet:-1, max-image-preview:large, max-video-preview:-1\" \/>\n<link rel=\"canonical\" href=\"https:\/\/ecocranes.hu\/ro\/ujabb-sikeres-projekt-nyaron-sem-tetlenkedtunk-egyedi-teheremelot-telepitettunk\/\" \/>\n<meta property=\"og:locale\" content=\"ro_RO\" \/>\n<meta property=\"og:type\" content=\"article\" \/>\n<meta property=\"og:title\" content=\"\u00dajabb sikeres projekt: Ny\u00e1ron sem t\u00e9tlenkedt\u00fcnk, egyedi teheremel\u0151t telep\u00edtett\u00fcnk\" \/>\n<meta property=\"og:description\" content=\"Partner\u00fcnk \u00faj telephelye kialak\u00edt\u00e1sa sor\u00e1n vette fel vel\u00fcnk a kapcsolatot, hogy egy k\u00f6r\u00fclker\u00edtett teheremel\u0151 teljes kivitelez\u00e9s\u00e9vel val\u00f3s\u00edtsuk meg.\" \/>\n<meta property=\"og:url\" content=\"https:\/\/ecocranes.hu\/ro\/ujabb-sikeres-projekt-nyaron-sem-tetlenkedtunk-egyedi-teheremelot-telepitettunk\/\" \/>\n<meta property=\"og:site_name\" content=\"Eco-Cranes\" \/>\n<meta property=\"article:publisher\" content=\"https:\/\/www.facebook.com\/ecocranes\" \/>\n<meta property=\"article:published_time\" content=\"2021-09-23T14:44:32+00:00\" \/>\n<meta property=\"article:modified_time\" content=\"2025-10-13T14:42:37+00:00\" \/>\n<meta property=\"og:image\" content=\"https:\/\/ecocranes.hu\/wp-content\/uploads\/2025\/10\/ecocranes_korulkeritett_teru_teheremelo_20210830-1.jpg\" \/>\n\t<meta property=\"og:image:width\" content=\"1200\" \/>\n\t<meta property=\"og:image:height\" content=\"800\" \/>\n\t<meta property=\"og:image:type\" content=\"image\/jpeg\" \/>\n<meta name=\"author\" content=\"eco.-admin\" \/>\n<meta name=\"twitter:card\" content=\"summary_large_image\" \/>\n<meta name=\"twitter:label1\" content=\"Scris de\" \/>\n\t<meta name=\"twitter:data1\" content=\"eco.-admin\" \/>\n\t<meta name=\"twitter:label2\" content=\"Timp estimat pentru citire\" \/>\n\t<meta name=\"twitter:data2\" content=\"2 minute\" \/>\n<script type=\"application\/ld+json\" class=\"yoast-schema-graph\">{\"@context\":\"https:\/\/schema.org\",\"@graph\":[{\"@type\":\"Article\",\"@id\":\"https:\/\/ecocranes.hu\/ujabb-sikeres-projekt-nyaron-sem-tetlenkedtunk-egyedi-teheremelot-telepitettunk\/#article\",\"isPartOf\":{\"@id\":\"https:\/\/ecocranes.hu\/ujabb-sikeres-projekt-nyaron-sem-tetlenkedtunk-egyedi-teheremelot-telepitettunk\/\"},\"author\":{\"name\":\"eco.-admin\",\"@id\":\"https:\/\/ecocranes.hu\/#\/schema\/person\/313efb4c05acc39796b4c6dbd501f01d\"},\"headline\":\"\u00dajabb sikeres projekt: Ny\u00e1ron sem t\u00e9tlenkedt\u00fcnk, egyedi teheremel\u0151t telep\u00edtett\u00fcnk\",\"datePublished\":\"2021-09-23T14:44:32+00:00\",\"dateModified\":\"2025-10-13T14:42:37+00:00\",\"mainEntityOfPage\":{\"@id\":\"https:\/\/ecocranes.hu\/ujabb-sikeres-projekt-nyaron-sem-tetlenkedtunk-egyedi-teheremelot-telepitettunk\/\"},\"wordCount\":508,\"commentCount\":0,\"publisher\":{\"@id\":\"https:\/\/ecocranes.hu\/#organization\"},\"image\":{\"@id\":\"https:\/\/ecocranes.hu\/ujabb-sikeres-projekt-nyaron-sem-tetlenkedtunk-egyedi-teheremelot-telepitettunk\/#primaryimage\"},\"thumbnailUrl\":\"https:\/\/ecocranes.hu\/wp-content\/uploads\/2025\/10\/ecocranes_korulkeritett_teru_teheremelo_20210830-1.jpg\",\"keywords\":[\"emel\u00e9stechnika\",\"teheremel\u0151\",\"teherlift\"],\"articleSection\":[\"H\u00edrek, cikkek\",\"Sikeres projektjeink\"],\"inLanguage\":\"ro-RO\",\"potentialAction\":[{\"@type\":\"CommentAction\",\"name\":\"Comment\",\"target\":[\"https:\/\/ecocranes.hu\/ujabb-sikeres-projekt-nyaron-sem-tetlenkedtunk-egyedi-teheremelot-telepitettunk\/#respond\"]}]},{\"@type\":\"WebPage\",\"@id\":\"https:\/\/ecocranes.hu\/ujabb-sikeres-projekt-nyaron-sem-tetlenkedtunk-egyedi-teheremelot-telepitettunk\/\",\"url\":\"https:\/\/ecocranes.hu\/ujabb-sikeres-projekt-nyaron-sem-tetlenkedtunk-egyedi-teheremelot-telepitettunk\/\",\"name\":\"\u00dajabb sikeres projekt: Ny\u00e1ron sem t\u00e9tlenkedt\u00fcnk, egyedi teheremel\u0151t telep\u00edtett\u00fcnk - Eco-Cranes\",\"isPartOf\":{\"@id\":\"https:\/\/ecocranes.hu\/#website\"},\"primaryImageOfPage\":{\"@id\":\"https:\/\/ecocranes.hu\/ujabb-sikeres-projekt-nyaron-sem-tetlenkedtunk-egyedi-teheremelot-telepitettunk\/#primaryimage\"},\"image\":{\"@id\":\"https:\/\/ecocranes.hu\/ujabb-sikeres-projekt-nyaron-sem-tetlenkedtunk-egyedi-teheremelot-telepitettunk\/#primaryimage\"},\"thumbnailUrl\":\"https:\/\/ecocranes.hu\/wp-content\/uploads\/2025\/10\/ecocranes_korulkeritett_teru_teheremelo_20210830-1.jpg\",\"datePublished\":\"2021-09-23T14:44:32+00:00\",\"dateModified\":\"2025-10-13T14:42:37+00:00\",\"description\":\"Partner\u00fcnk \u00faj telephelye kialak\u00edt\u00e1sa sor\u00e1n vette fel vel\u00fcnk a kapcsolatot, hogy egy k\u00f6r\u00fclker\u00edtett teheremel\u0151 teljes kivitelez\u00e9s\u00e9vel val\u00f3s\u00edtsuk meg.\",\"breadcrumb\":{\"@id\":\"https:\/\/ecocranes.hu\/ujabb-sikeres-projekt-nyaron-sem-tetlenkedtunk-egyedi-teheremelot-telepitettunk\/#breadcrumb\"},\"inLanguage\":\"ro-RO\",\"potentialAction\":[{\"@type\":\"ReadAction\",\"target\":[\"https:\/\/ecocranes.hu\/ujabb-sikeres-projekt-nyaron-sem-tetlenkedtunk-egyedi-teheremelot-telepitettunk\/\"]}],\"speakable\":{\"@type\":\"SpeakableSpecification\",\"cssSelector\":[\"h1\",\".elementor-widget-text-editor\"]}},{\"@type\":\"ImageObject\",\"inLanguage\":\"ro-RO\",\"@id\":\"https:\/\/ecocranes.hu\/ujabb-sikeres-projekt-nyaron-sem-tetlenkedtunk-egyedi-teheremelot-telepitettunk\/#primaryimage\",\"url\":\"https:\/\/ecocranes.hu\/wp-content\/uploads\/2025\/10\/ecocranes_korulkeritett_teru_teheremelo_20210830-1.jpg\",\"contentUrl\":\"https:\/\/ecocranes.hu\/wp-content\/uploads\/2025\/10\/ecocranes_korulkeritett_teru_teheremelo_20210830-1.jpg\",\"width\":1200,\"height\":800,\"caption\":\"K\u00f6r\u00fclker\u00edtett ter\u0171 teheremel\u0151 r\u00e1csos burkolattal, a kabinban raklapokkal\"},{\"@type\":\"BreadcrumbList\",\"@id\":\"https:\/\/ecocranes.hu\/ujabb-sikeres-projekt-nyaron-sem-tetlenkedtunk-egyedi-teheremelot-telepitettunk\/#breadcrumb\",\"itemListElement\":[{\"@type\":\"ListItem\",\"position\":1,\"name\":\"Home\",\"item\":\"https:\/\/ecocranes.hu\/en\/\"},{\"@type\":\"ListItem\",\"position\":2,\"name\":\"\u00dajabb sikeres projekt: Ny\u00e1ron sem t\u00e9tlenkedt\u00fcnk, egyedi teheremel\u0151t telep\u00edtett\u00fcnk\"}]},{\"@type\":\"WebSite\",\"@id\":\"https:\/\/ecocranes.hu\/#website\",\"url\":\"https:\/\/ecocranes.hu\/\",\"name\":\"Eco-Cranes\",\"description\":\"Daruk \u00e9s emel\u0151g\u00e9pek\",\"publisher\":{\"@id\":\"https:\/\/ecocranes.hu\/#organization\"},\"potentialAction\":[{\"@type\":\"SearchAction\",\"target\":{\"@type\":\"EntryPoint\",\"urlTemplate\":\"https:\/\/ecocranes.hu\/?s={search_term_string}\"},\"query-input\":{\"@type\":\"PropertyValueSpecification\",\"valueRequired\":true,\"valueName\":\"search_term_string\"}}],\"inLanguage\":\"ro-RO\"},{\"@type\":\"Organization\",\"@id\":\"https:\/\/ecocranes.hu\/#organization\",\"name\":\"Eco-Cranes\",\"url\":\"https:\/\/ecocranes.hu\/\",\"logo\":{\"@type\":\"ImageObject\",\"inLanguage\":\"ro-RO\",\"@id\":\"https:\/\/ecocranes.hu\/#\/schema\/logo\/image\/\",\"url\":\"https:\/\/ecocranes.hu\/wp-content\/uploads\/2025\/09\/eco-cranes-logo.png\",\"contentUrl\":\"https:\/\/ecocranes.hu\/wp-content\/uploads\/2025\/09\/eco-cranes-logo.png\",\"width\":180,\"height\":18,\"caption\":\"Eco-Cranes\"},\"image\":{\"@id\":\"https:\/\/ecocranes.hu\/#\/schema\/logo\/image\/\"},\"sameAs\":[\"https:\/\/www.facebook.com\/ecocranes\"],\"address\":{\"@type\":\"PostalAddress\",\"streetAddress\":\"Ybl Mikl\u00f3s utca 42.\",\"addressLocality\":\"F\u00f3t\",\"postalCode\":\"2151\",\"addressCountry\":\"HU\"},\"geo\":{\"@type\":\"GeoCoordinates\",\"latitude\":47.61583300000000207319317269138991832733154296875,\"longitude\":19.181837000000001580701791681349277496337890625},\"openingHoursSpecification\":[{\"@type\":\"OpeningHoursSpecification\",\"dayOfWeek\":[\"Monday\",\"Tuesday\",\"Wednesday\",\"Thursday\",\"Friday\"],\"opens\":\"08:00\",\"closes\":\"17:00\"}],\"description\":\"Daruk, h\u00edddaruk, forg\u00f3daruk \u00e9s hidraulikus emel\u0151asztalok tervez\u00e9se, gy\u00e1rt\u00e1sa, telep\u00edt\u00e9se, szervize \u00e9s id\u0151szakos vizsg\u00e1lata.\",\"email\":\"info@ecocranes.hu\",\"telephone\":\"+36 27 360823\",\"legalName\":\"ECO-CRANES HUNGARY Daruk \u00e9s Emel\u0151g\u00e9pek Korl\u00e1tolt Felel\u0151ss\u00e9g\u0171 T\u00e1rsas\u00e1g\",\"vatID\":\"11912606-2-13\"},{\"@type\":\"Person\",\"@id\":\"https:\/\/ecocranes.hu\/#\/schema\/person\/313efb4c05acc39796b4c6dbd501f01d\",\"name\":\"eco.-admin\",\"image\":{\"@type\":\"ImageObject\",\"inLanguage\":\"ro-RO\",\"@id\":\"https:\/\/ecocranes.hu\/#\/schema\/person\/image\/\",\"url\":\"https:\/\/secure.gravatar.com\/avatar\/6f17916a31d634303d44a76de03b51e7eb11a9cfeaf3cefb8caf9b7d770eac89?s=96&d=mm&r=g\",\"contentUrl\":\"https:\/\/secure.gravatar.com\/avatar\/6f17916a31d634303d44a76de03b51e7eb11a9cfeaf3cefb8caf9b7d770eac89?s=96&d=mm&r=g\",\"caption\":\"eco.-admin\"},\"sameAs\":[\"https:\/\/ecocranes.hu\"],\"url\":\"https:\/\/ecocranes.hu\/ro\/author\/eco-admin\/\"}]}<\/script>\n<!-- \/ Yoast SEO Premium plugin. -->","yoast_head_json":{"title":"\u00dajabb sikeres projekt: Ny\u00e1ron sem t\u00e9tlenkedt\u00fcnk, egyedi teheremel\u0151t telep\u00edtett\u00fcnk - Eco-Cranes","description":"Partenerul nostru ne-a contactat \u00een timpul amenaj\u0103rii noii sale sedii, pentru a ne \u00eencredin\u021ba realizarea integral\u0103 a unui spa\u021biu de ridicare a \u00eenc\u0103rc\u0103turilor, delimitat de garduri.","robots":{"index":"index","follow":"follow","max-snippet":"max-snippet:-1","max-image-preview":"max-image-preview:large","max-video-preview":"max-video-preview:-1"},"canonical":"https:\/\/ecocranes.hu\/ro\/ujabb-sikeres-projekt-nyaron-sem-tetlenkedtunk-egyedi-teheremelot-telepitettunk\/","og_locale":"ro_RO","og_type":"article","og_title":"\u00dajabb sikeres projekt: Ny\u00e1ron sem t\u00e9tlenkedt\u00fcnk, egyedi teheremel\u0151t telep\u00edtett\u00fcnk","og_description":"Partner\u00fcnk \u00faj telephelye kialak\u00edt\u00e1sa sor\u00e1n vette fel vel\u00fcnk a kapcsolatot, hogy egy k\u00f6r\u00fclker\u00edtett teheremel\u0151 teljes kivitelez\u00e9s\u00e9vel val\u00f3s\u00edtsuk meg.","og_url":"https:\/\/ecocranes.hu\/ro\/ujabb-sikeres-projekt-nyaron-sem-tetlenkedtunk-egyedi-teheremelot-telepitettunk\/","og_site_name":"Eco-Cranes","article_publisher":"https:\/\/www.facebook.com\/ecocranes","article_published_time":"2021-09-23T14:44:32+00:00","article_modified_time":"2025-10-13T14:42:37+00:00","og_image":[{"width":1200,"height":800,"url":"https:\/\/ecocranes.hu\/wp-content\/uploads\/2025\/10\/ecocranes_korulkeritett_teru_teheremelo_20210830-1.jpg","type":"image\/jpeg"}],"author":"eco.-admin","twitter_card":"summary_large_image","twitter_misc":{"Scris de":"eco.-admin","Timp estimat pentru citire":"2 minute"},"schema":{"@context":"https:\/\/schema.org","@graph":[{"@type":"Article","@id":"https:\/\/ecocranes.hu\/ujabb-sikeres-projekt-nyaron-sem-tetlenkedtunk-egyedi-teheremelot-telepitettunk\/#article","isPartOf":{"@id":"https:\/\/ecocranes.hu\/ujabb-sikeres-projekt-nyaron-sem-tetlenkedtunk-egyedi-teheremelot-telepitettunk\/"},"author":{"name":"eco.-admin","@id":"https:\/\/ecocranes.hu\/#\/schema\/person\/313efb4c05acc39796b4c6dbd501f01d"},"headline":"\u00dajabb sikeres projekt: Ny\u00e1ron sem t\u00e9tlenkedt\u00fcnk, egyedi teheremel\u0151t telep\u00edtett\u00fcnk","datePublished":"2021-09-23T14:44:32+00:00","dateModified":"2025-10-13T14:42:37+00:00","mainEntityOfPage":{"@id":"https:\/\/ecocranes.hu\/ujabb-sikeres-projekt-nyaron-sem-tetlenkedtunk-egyedi-teheremelot-telepitettunk\/"},"wordCount":508,"commentCount":0,"publisher":{"@id":"https:\/\/ecocranes.hu\/#organization"},"image":{"@id":"https:\/\/ecocranes.hu\/ujabb-sikeres-projekt-nyaron-sem-tetlenkedtunk-egyedi-teheremelot-telepitettunk\/#primaryimage"},"thumbnailUrl":"https:\/\/ecocranes.hu\/wp-content\/uploads\/2025\/10\/ecocranes_korulkeritett_teru_teheremelo_20210830-1.jpg","keywords":["emel\u00e9stechnika","teheremel\u0151","teherlift"],"articleSection":["H\u00edrek, cikkek","Sikeres projektjeink"],"inLanguage":"ro-RO","potentialAction":[{"@type":"CommentAction","name":"Comment","target":["https:\/\/ecocranes.hu\/ujabb-sikeres-projekt-nyaron-sem-tetlenkedtunk-egyedi-teheremelot-telepitettunk\/#respond"]}]},{"@type":"WebPage","@id":"https:\/\/ecocranes.hu\/ujabb-sikeres-projekt-nyaron-sem-tetlenkedtunk-egyedi-teheremelot-telepitettunk\/","url":"https:\/\/ecocranes.hu\/ujabb-sikeres-projekt-nyaron-sem-tetlenkedtunk-egyedi-teheremelot-telepitettunk\/","name":"\u00dajabb sikeres projekt: Ny\u00e1ron sem t\u00e9tlenkedt\u00fcnk, egyedi teheremel\u0151t telep\u00edtett\u00fcnk - Eco-Cranes","isPartOf":{"@id":"https:\/\/ecocranes.hu\/#website"},"primaryImageOfPage":{"@id":"https:\/\/ecocranes.hu\/ujabb-sikeres-projekt-nyaron-sem-tetlenkedtunk-egyedi-teheremelot-telepitettunk\/#primaryimage"},"image":{"@id":"https:\/\/ecocranes.hu\/ujabb-sikeres-projekt-nyaron-sem-tetlenkedtunk-egyedi-teheremelot-telepitettunk\/#primaryimage"},"thumbnailUrl":"https:\/\/ecocranes.hu\/wp-content\/uploads\/2025\/10\/ecocranes_korulkeritett_teru_teheremelo_20210830-1.jpg","datePublished":"2021-09-23T14:44:32+00:00","dateModified":"2025-10-13T14:42:37+00:00","description":"Partenerul nostru ne-a contactat \u00een timpul amenaj\u0103rii noii sale sedii, pentru a ne \u00eencredin\u021ba realizarea integral\u0103 a unui spa\u021biu de ridicare a \u00eenc\u0103rc\u0103turilor, delimitat de garduri.","breadcrumb":{"@id":"https:\/\/ecocranes.hu\/ujabb-sikeres-projekt-nyaron-sem-tetlenkedtunk-egyedi-teheremelot-telepitettunk\/#breadcrumb"},"inLanguage":"ro-RO","potentialAction":[{"@type":"ReadAction","target":["https:\/\/ecocranes.hu\/ujabb-sikeres-projekt-nyaron-sem-tetlenkedtunk-egyedi-teheremelot-telepitettunk\/"]}],"speakable":{"@type":"SpeakableSpecification","cssSelector":["h1",".elementor-widget-text-editor"]}},{"@type":"ImageObject","inLanguage":"ro-RO","@id":"https:\/\/ecocranes.hu\/ujabb-sikeres-projekt-nyaron-sem-tetlenkedtunk-egyedi-teheremelot-telepitettunk\/#primaryimage","url":"https:\/\/ecocranes.hu\/wp-content\/uploads\/2025\/10\/ecocranes_korulkeritett_teru_teheremelo_20210830-1.jpg","contentUrl":"https:\/\/ecocranes.hu\/wp-content\/uploads\/2025\/10\/ecocranes_korulkeritett_teru_teheremelo_20210830-1.jpg","width":1200,"height":800,"caption":"K\u00f6r\u00fclker\u00edtett ter\u0171 teheremel\u0151 r\u00e1csos burkolattal, a kabinban raklapokkal"},{"@type":"BreadcrumbList","@id":"https:\/\/ecocranes.hu\/ujabb-sikeres-projekt-nyaron-sem-tetlenkedtunk-egyedi-teheremelot-telepitettunk\/#breadcrumb","itemListElement":[{"@type":"ListItem","position":1,"name":"Home","item":"https:\/\/ecocranes.hu\/en\/"},{"@type":"ListItem","position":2,"name":"\u00dajabb sikeres projekt: Ny\u00e1ron sem t\u00e9tlenkedt\u00fcnk, egyedi teheremel\u0151t telep\u00edtett\u00fcnk"}]},{"@type":"WebSite","@id":"https:\/\/ecocranes.hu\/#website","url":"https:\/\/ecocranes.hu\/","name":"Eco-Cranes","description":"Macarale \u0219i utilaje de ridicare","publisher":{"@id":"https:\/\/ecocranes.hu\/#organization"},"potentialAction":[{"@type":"SearchAction","target":{"@type":"EntryPoint","urlTemplate":"https:\/\/ecocranes.hu\/?s={search_term_string}"},"query-input":{"@type":"PropertyValueSpecification","valueRequired":true,"valueName":"search_term_string"}}],"inLanguage":"ro-RO"},{"@type":"Organization","@id":"https:\/\/ecocranes.hu\/#organization","name":"Eco-Cranes","url":"https:\/\/ecocranes.hu\/","logo":{"@type":"ImageObject","inLanguage":"ro-RO","@id":"https:\/\/ecocranes.hu\/#\/schema\/logo\/image\/","url":"https:\/\/ecocranes.hu\/wp-content\/uploads\/2025\/09\/eco-cranes-logo.png","contentUrl":"https:\/\/ecocranes.hu\/wp-content\/uploads\/2025\/09\/eco-cranes-logo.png","width":180,"height":18,"caption":"Eco-Cranes"},"image":{"@id":"https:\/\/ecocranes.hu\/#\/schema\/logo\/image\/"},"sameAs":["https:\/\/www.facebook.com\/ecocranes"],"address":{"@type":"PostalAddress","streetAddress":"Ybl Mikl\u00f3s utca 42.","addressLocality":"F\u00f3t","postalCode":"2151","addressCountry":"HU"},"geo":{"@type":"GeoCoordinates","latitude":47.61583300000000207319317269138991832733154296875,"longitude":19.181837000000001580701791681349277496337890625},"openingHoursSpecification":[{"@type":"OpeningHoursSpecification","dayOfWeek":["Monday","Tuesday","Wednesday","Thursday","Friday"],"opens":"08:00","closes":"17:00"}],"description":"Daruk, h\u00edddaruk, forg\u00f3daruk \u00e9s hidraulikus emel\u0151asztalok tervez\u00e9se, gy\u00e1rt\u00e1sa, telep\u00edt\u00e9se, szervize \u00e9s id\u0151szakos vizsg\u00e1lata.","email":"info@ecocranes.hu","telephone":"+36 27 360823","legalName":"ECO-CRANES HUNGARY Daruk \u00e9s Emel\u0151g\u00e9pek Korl\u00e1tolt Felel\u0151ss\u00e9g\u0171 T\u00e1rsas\u00e1g","vatID":"11912606-2-13"},{"@type":"Person","@id":"https:\/\/ecocranes.hu\/#\/schema\/person\/313efb4c05acc39796b4c6dbd501f01d","name":"eco.-admin","image":{"@type":"ImageObject","inLanguage":"ro-RO","@id":"https:\/\/ecocranes.hu\/#\/schema\/person\/image\/","url":"https:\/\/secure.gravatar.com\/avatar\/6f17916a31d634303d44a76de03b51e7eb11a9cfeaf3cefb8caf9b7d770eac89?s=96&d=mm&r=g","contentUrl":"https:\/\/secure.gravatar.com\/avatar\/6f17916a31d634303d44a76de03b51e7eb11a9cfeaf3cefb8caf9b7d770eac89?s=96&d=mm&r=g","caption":"eco.-admin"},"sameAs":["https:\/\/ecocranes.hu"],"url":"https:\/\/ecocranes.hu\/ro\/author\/eco-admin\/"}]}},"_links":{"self":[{"href":"https:\/\/ecocranes.hu\/ro\/wp-json\/wp\/v2\/posts\/7078","targetHints":{"allow":["GET"]}}],"collection":[{"href":"https:\/\/ecocranes.hu\/ro\/wp-json\/wp\/v2\/posts"}],"about":[{"href":"https:\/\/ecocranes.hu\/ro\/wp-json\/wp\/v2\/types\/post"}],"author":[{"embeddable":true,"href":"https:\/\/ecocranes.hu\/ro\/wp-json\/wp\/v2\/users\/1"}],"replies":[{"embeddable":true,"href":"https:\/\/ecocranes.hu\/ro\/wp-json\/wp\/v2\/comments?post=7078"}],"version-history":[{"count":0,"href":"https:\/\/ecocranes.hu\/ro\/wp-json\/wp\/v2\/posts\/7078\/revisions"}],"wp:featuredmedia":[{"embeddable":true,"href":"https:\/\/ecocranes.hu\/ro\/wp-json\/wp\/v2\/media\/7079"}],"wp:attachment":[{"href":"https:\/\/ecocranes.hu\/ro\/wp-json\/wp\/v2\/media?parent=7078"}],"wp:term":[{"taxonomy":"category","embeddable":true,"href":"https:\/\/ecocranes.hu\/ro\/wp-json\/wp\/v2\/categories?post=7078"},{"taxonomy":"post_tag","embeddable":true,"href":"https:\/\/ecocranes.hu\/ro\/wp-json\/wp\/v2\/tags?post=7078"}],"curies":[{"name":"wp","href":"https:\/\/api.w.org\/{rel}","templated":true}]}}