{"id":7063,"date":"2021-04-29T20:19:44","date_gmt":"2021-04-29T18:19:44","guid":{"rendered":"https:\/\/ecocranes.hu\/ujabb-elegedett-ugyfel-teheremelo-tervezes-es-telepites\/"},"modified":"2025-10-13T16:42:36","modified_gmt":"2025-10-13T14:42:36","slug":"ujabb-elegedett-ugyfel-teheremelo-tervezes-es-telepites","status":"publish","type":"post","link":"https:\/\/ecocranes.hu\/ro\/ujabb-elegedett-ugyfel-teheremelo-tervezes-es-telepites\/","title":{"rendered":"\u00cenc\u0103 un client mul\u021bumit \u2013 Proiectarea \u0219i instalarea echipamentelor de ridicare a \u00eenc\u0103rc\u0103turilor"},"content":{"rendered":"<p><strong>Cea mai mare bucurie pentru noi este atunci c\u00e2nd, dup\u0103 finalizarea cu succes a pred\u0103rii-prelu\u0103rii, clientul este mul\u021bumit de munca noastr\u0103 \u0219i de echipamentul comandat. \u00cen cazul de fa\u021b\u0103, chiar de dou\u0103 ori. \u00cenc\u0103 unul <\/strong><a href=\"https:\/\/ecocranes.hu\/ro\/kotott-palyas-beton-athordo-es-szallito-kocsik-tervezese-es-kivitelezese\/\"><strong>proiect<\/strong><\/a> <a href=\"https:\/\/ecocranes.hu\/ro\/hidraulikus-ollos-emelo-csereje\/\"><strong>de succes<\/strong><\/a><strong> Am finalizat proiectul, a\u0219a c\u0103 v\u0103 vom prezenta acum detaliile privind modul \u00een care am proiectat, fabricat \u0219i instalat dispozitive de ridicare a \u00eenc\u0103rc\u0103turilor \u00eentr-o hal\u0103 de produc\u021bie.<\/strong><\/p>\n<h2>Comanda<\/h2>\n<p>Clientul nostru este o companie cu capital str\u0103in, \u00een hala de produc\u021bie a c\u0103reia <em><strong>dou\u0103 platforme de ridicare, identice, delimitate de garduri<\/strong><\/em> a plasat o comand\u0103 pentru proiectarea \u0219i fabricarea acestuia la <a href=\"https:\/\/ecocranes.hu\/ro\/kapcsolat\/\">Eco Cranes S.r.l.<\/a> care le permite s\u0103 transporte at\u00e2t materiile prime, c\u00e2t \u0219i produsele finite \u00eentre nivelurile zonei de lucru.<\/p>\n<h2>Inspec\u021bia la fa\u021ba locului<\/h2>\n<p>Angaja\u021bii no\u0219tri efectueaz\u0103 o inspec\u021bie preliminar\u0103 a locului de instalare <a href=\"https:\/\/ecocranes.hu\/ro\/a-darugyartas-folyamata-a-szukseglet-azonositasatol-a-telepitesig\/\">evaluarea<\/a> \u00cen cursul acesteia s-a constatat c\u0103 ambele lifturi de marf\u0103 <a href=\"https:\/\/ecocranes.hu\/ro\/daruk-es-emelok-rogzitesenek-gyakori-eszkoze-a-beton\/\">beton<\/a> fixat pe o baz\u0103, este conceput pentru utilizare \u00een interior. Astfel, nu va fi necesar\u0103 acoperirea acestora cu panouri termoizolante, fiind suficient ca <em><strong>re\u021bea destinat\u0103 protec\u021biei \u00eempotriva accidentelor \u0219i prevenirii acestora<\/strong><\/em> \u0219i peretele lateral.<\/p>\n<blockquote>\n<p>O parte foarte important\u0103 a evalu\u0103rii nevoilor clien\u021bilor o reprezint\u0103 lifturile de marf\u0103 \u2013 dar <a href=\"https:\/\/ecocranes.hu\/ro\/emelokisokos\/\">alte dispozitive de ridicare<\/a> \u2013 \u0219i \u00een cazul acestuia, <em><strong>capacitatea de \u00eenc\u0103rcare necesar\u0103 \u0219i \u00een\u0103l\u021bimea de ridicare<\/strong><\/em> determinarea acestora. Aceste date ajut\u0103 la determinarea multor al\u021bi parametri sau, dup\u0103 caz, chiar impun restric\u021bii, de exemplu atunci c\u00e2nd, din cauza dimensiunilor sale, dispozitivul de ridicare cu capacitatea de \u00eenc\u0103rcare solicitat\u0103 nu poate fi instalat \u00een locul dorit.<\/p>\n<\/blockquote>\n<p>Produsele fabricate \u0219i instalate de compania noastr\u0103 <a href=\"https:\/\/ecocranes.hu\/ro\/a-hidraulika-alapjai\/\">hidraulic<\/a> capacitatea maxim\u0103 a lifturilor de marf\u0103 <em><strong>capacitatea de \u00eenc\u0103rcare de 10.000 kg<\/strong><\/em>, cel mai mare <em><strong>\u00een\u0103l\u021bimea de ridicare poate ajunge la 20 de metri<\/strong><\/em>. \u00cen cazul echipamentelor mai mici, se instaleaz\u0103 un cilindru hidraulic de lucru, iar \u00een cazul elevatoarelor cu capacitate de \u00eenc\u0103rcare mai mare, se instaleaz\u0103 dou\u0103 cilindri hidraulici de lucru pentru deplasarea sarcinii. \u00cen cadrul acestui proiect nu a fost nevoie de astfel de structuri mari, sarcina put\u00e2nd fi \u00eendeplinit\u0103 perfect chiar \u0219i cu elevatoare mai mici.<\/p>\n<h2>Realizarea dispozitivelor de ridicare a sarcinilor<\/h2>\n<p>\t\t\t\t\t\t\t\t\t\t<img loading=\"lazy\" decoding=\"async\" width=\"768\" height=\"1024\" src=\"https:\/\/ecocranes.hu\/wp-content\/uploads\/2021\/04\/Lift-telepitese-daruval-Eco-Cranes.jpg\" alt=\"Lift telep\u00edt\u00e9se daruval - Eco-Cranes\" srcset=\"https:\/\/ecocranes.hu\/wp-content\/uploads\/2021\/04\/Lift-telepitese-daruval-Eco-Cranes.jpg 768w, https:\/\/ecocranes.hu\/wp-content\/uploads\/2021\/04\/Lift-telepitese-daruval-Eco-Cranes-225x300.jpg 225w, https:\/\/ecocranes.hu\/wp-content\/uploads\/2021\/04\/Lift-telepitese-daruval-Eco-Cranes-560x747.jpg 560w, https:\/\/ecocranes.hu\/wp-content\/uploads\/2021\/04\/Lift-telepitese-daruval-Eco-Cranes-400x533.jpg 400w, https:\/\/ecocranes.hu\/wp-content\/uploads\/2021\/04\/Lift-telepitese-daruval-Eco-Cranes-506x675.jpg 506w\" sizes=\"auto, (max-width: 768px) 100vw, 768px\" \/>\t\t\t\t\t\t\t\t\t\t\t<\/p>\n<p>Dup\u0103 etapa de proiectare \u0219i fabrica\u021bie, compania noastr\u0103 a realizat dou\u0103 echipamente identice, fiecare cu o capacitate de ridicare de 500-500 kg, care <em><strong>platforme cu suprafa\u021ba de 1500\u00d71500 mm<\/strong><\/em> Colegii no\u0219tri au instalat un elevator de marf\u0103 capabil s\u0103 ridice \u00eenc\u0103rc\u0103turi p\u00e2n\u0103 la o \u00een\u0103l\u021bime de 5,5 metri cu ajutorul unor cilindri hidraulici.<\/p>\n<p>\u00cenc\u0103rcarea \u0219i desc\u0103rcarea se fac prin partea de jos \u0219i, respectiv, prin partea de sus, prin u\u0219i cu dou\u0103 canate, prev\u0103zute \u0219i ele cu grilaj <a href=\"https:\/\/ecocranes.hu\/ro\/kiegeszitok-mechanikus-es-hidraulikus-emelokhoz\/\">pe u\u0219i<\/a> se va realiza prin intermediul acestuia.<\/p>\n<p>De asemenea, la cererea clientului, dispozitivele de ridicare a \u00eenc\u0103rc\u0103turilor<em><strong> <a href=\"https:\/\/ecocranes.hu\/ro\/a-darugyartas-alapanyaga-az-acel-iii-resz\/\">structura sa din o\u021bel<\/a> prin pulverizare<\/strong><\/em> L-am vopsit \u00een gri, pentru a se asorta cu culorile fabricii.<\/p>\n<pre>A <em><strong>testul de func\u021bionare a fost un succes<\/strong><\/em>, astfel \u00eenc\u00e2t clientul nostru deja <a href=\"https:\/\/ecocranes.hu\/ro\/daruk-uzembe-helyezese-es-biztonsagos-mukodtetese\/\">l-a pus \u00een func\u021biune<\/a> noile lifturi de marf\u0103, care sunt <a href=\"https:\/\/ecocranes.hu\/ro\/a-nyugodt-biztonsagos-anyagmozgatas-zaloga-a-daruk-rendszeres-vizsgalata\/\">\u00eentre\u021binere corespunz\u0103toare<\/a> \u00cen plus, acestea pot contribui la produc\u021bia din hala de produc\u021bie pentru o perioad\u0103 \u00eendelungat\u0103.<\/pre>\n<p>\u00cen cazul \u00een care, \u00een ciuda tuturor acestor m\u0103suri, ar ap\u0103rea o defec\u021biune nea\u0219teptat\u0103, <em><strong>colegii no\u0219tri tehnicieni specializa\u021bi<\/strong><\/em> \u00een scurt timp, <a href=\"https:\/\/ecocranes.hu\/ro\/ha-gond-van-hivjon-jovunk-daru-es-emelojavitas-szakszeruen\/\">chiar \u0219i \u00een weekend<\/a> se efectueaz\u0103 \u00een mod profesionist <a href=\"https:\/\/ecocranes.hu\/ro\/szolgaltatasok\/\">repara\u021bii la fa\u021ba locului<\/a>.<\/p>\n<p>\u00cenc\u0103 unul <a href=\"https:\/\/ecocranes.hu\/ro\/sikeres-projektjeink-egyike-kulteri-korulkeritett-technologiai-emelo\/\">proiect de succes<\/a>, <a href=\"https:\/\/ecocranes.hu\/ro\/epulettol-fuggetlen-utolag-telepitett-25-tonnas-portaldaru-rendszer\/\">altul<\/a> un client mul\u021bumit. Asta ne place cel mai mult.<\/p>","protected":false},"excerpt":{"rendered":"<p>Clientul nostru ne-a comandat proiectarea \u0219i fabricarea a dou\u0103 platforme de ridicare a \u00eenc\u0103rc\u0103turilor, amplasate \u00een spa\u021bii delimitate, \u00een hala sa de produc\u021bie. Vede\u021bi cum le-am instalat!<\/p>","protected":false},"author":1,"featured_media":0,"comment_status":"open","ping_status":"open","sticky":false,"template":"","format":"standard","meta":{"_acf_changed":false,"footnotes":""},"categories":[102,103],"tags":[155,156,126,127],"class_list":["post-7063","post","type-post","status-publish","format-standard","hentry","category-hirek-cikkek","category-sikeres-projektjeink","tag-lift","tag-teheremelo","tag-teherfelvono","tag-teherlift","no-thumb"],"acf":[],"yoast_head":"<!-- This site is optimized with the Yoast SEO Premium plugin v26.2 (Yoast SEO v26.6) - https:\/\/yoast.com\/wordpress\/plugins\/seo\/ -->\n<title>\u00dajabb el\u00e9gedett \u00fcgyf\u00e9l \u2013 Teheremel\u0151 tervez\u00e9s \u00e9s telep\u00edt\u00e9s<\/title>\n<meta name=\"description\" content=\"Megrendel\u0151nk \u00fczemcsarnok\u00e1ba k\u00e9t k\u00f6r\u00fclker\u00edtett ter\u0171 teheremel\u0151 kialak\u00edt\u00e1s\u00e1ra, legy\u00e1rt\u00e1s\u00e1ra adott megrendel\u00e9st. N\u00e9zze meg, hogyan telep\u00edtett\u00fck!\" \/>\n<meta name=\"robots\" content=\"index, follow, max-snippet:-1, max-image-preview:large, max-video-preview:-1\" \/>\n<link rel=\"canonical\" href=\"https:\/\/ecocranes.hu\/ro\/ujabb-elegedett-ugyfel-teheremelo-tervezes-es-telepites\/\" \/>\n<meta property=\"og:locale\" content=\"ro_RO\" \/>\n<meta property=\"og:type\" content=\"article\" \/>\n<meta property=\"og:title\" content=\"\u00dajabb el\u00e9gedett \u00fcgyf\u00e9l \u2013 Teheremel\u0151 tervez\u00e9s \u00e9s telep\u00edt\u00e9s\" \/>\n<meta property=\"og:description\" content=\"Megrendel\u0151nk \u00fczemcsarnok\u00e1ba k\u00e9t k\u00f6r\u00fclker\u00edtett ter\u0171 teheremel\u0151 kialak\u00edt\u00e1s\u00e1ra, legy\u00e1rt\u00e1s\u00e1ra adott megrendel\u00e9st. N\u00e9zze meg, hogyan telep\u00edtett\u00fck!\" \/>\n<meta property=\"og:url\" content=\"https:\/\/ecocranes.hu\/ro\/ujabb-elegedett-ugyfel-teheremelo-tervezes-es-telepites\/\" \/>\n<meta property=\"og:site_name\" content=\"Eco-Cranes\" \/>\n<meta property=\"article:publisher\" content=\"https:\/\/www.facebook.com\/ecocranes\" \/>\n<meta property=\"article:published_time\" content=\"2021-04-29T18:19:44+00:00\" \/>\n<meta property=\"article:modified_time\" content=\"2025-10-13T14:42:36+00:00\" \/>\n<meta property=\"og:image\" content=\"https:\/\/ecocranes.hu\/wp-content\/uploads\/2021\/04\/Lift-telepitese-daruval-Eco-Cranes.jpg\" \/>\n\t<meta property=\"og:image:width\" content=\"768\" \/>\n\t<meta property=\"og:image:height\" content=\"1024\" \/>\n<meta name=\"author\" content=\"eco.-admin\" \/>\n<meta name=\"twitter:card\" content=\"summary_large_image\" \/>\n<meta name=\"twitter:label1\" content=\"Scris de\" \/>\n\t<meta name=\"twitter:data1\" content=\"eco.-admin\" \/>\n\t<meta name=\"twitter:label2\" content=\"Timp estimat pentru citire\" \/>\n\t<meta name=\"twitter:data2\" content=\"3 minute\" \/>\n<script type=\"application\/ld+json\" class=\"yoast-schema-graph\">{\"@context\":\"https:\/\/schema.org\",\"@graph\":[{\"@type\":\"Article\",\"@id\":\"https:\/\/ecocranes.hu\/ujabb-elegedett-ugyfel-teheremelo-tervezes-es-telepites\/#article\",\"isPartOf\":{\"@id\":\"https:\/\/ecocranes.hu\/ujabb-elegedett-ugyfel-teheremelo-tervezes-es-telepites\/\"},\"author\":{\"name\":\"eco.-admin\",\"@id\":\"https:\/\/ecocranes.hu\/#\/schema\/person\/313efb4c05acc39796b4c6dbd501f01d\"},\"headline\":\"\u00dajabb el\u00e9gedett \u00fcgyf\u00e9l \u2013 Teheremel\u0151 tervez\u00e9s \u00e9s telep\u00edt\u00e9s\",\"datePublished\":\"2021-04-29T18:19:44+00:00\",\"dateModified\":\"2025-10-13T14:42:36+00:00\",\"mainEntityOfPage\":{\"@id\":\"https:\/\/ecocranes.hu\/ujabb-elegedett-ugyfel-teheremelo-tervezes-es-telepites\/\"},\"wordCount\":536,\"commentCount\":0,\"publisher\":{\"@id\":\"https:\/\/ecocranes.hu\/#organization\"},\"image\":{\"@id\":\"https:\/\/ecocranes.hu\/ujabb-elegedett-ugyfel-teheremelo-tervezes-es-telepites\/#primaryimage\"},\"thumbnailUrl\":\"https:\/\/ecocranes.hu\/wp-content\/uploads\/2021\/04\/Lift-telepitese-daruval-Eco-Cranes.jpg\",\"keywords\":[\"lift\",\"teheremel\u0151\",\"teherfelvon\u00f3\",\"teherlift\"],\"articleSection\":[\"H\u00edrek, cikkek\",\"Sikeres projektjeink\"],\"inLanguage\":\"ro-RO\",\"potentialAction\":[{\"@type\":\"CommentAction\",\"name\":\"Comment\",\"target\":[\"https:\/\/ecocranes.hu\/ujabb-elegedett-ugyfel-teheremelo-tervezes-es-telepites\/#respond\"]}]},{\"@type\":\"WebPage\",\"@id\":\"https:\/\/ecocranes.hu\/ujabb-elegedett-ugyfel-teheremelo-tervezes-es-telepites\/\",\"url\":\"https:\/\/ecocranes.hu\/ujabb-elegedett-ugyfel-teheremelo-tervezes-es-telepites\/\",\"name\":\"\u00dajabb el\u00e9gedett \u00fcgyf\u00e9l \u2013 Teheremel\u0151 tervez\u00e9s \u00e9s telep\u00edt\u00e9s\",\"isPartOf\":{\"@id\":\"https:\/\/ecocranes.hu\/#website\"},\"primaryImageOfPage\":{\"@id\":\"https:\/\/ecocranes.hu\/ujabb-elegedett-ugyfel-teheremelo-tervezes-es-telepites\/#primaryimage\"},\"image\":{\"@id\":\"https:\/\/ecocranes.hu\/ujabb-elegedett-ugyfel-teheremelo-tervezes-es-telepites\/#primaryimage\"},\"thumbnailUrl\":\"https:\/\/ecocranes.hu\/wp-content\/uploads\/2021\/04\/Lift-telepitese-daruval-Eco-Cranes.jpg\",\"datePublished\":\"2021-04-29T18:19:44+00:00\",\"dateModified\":\"2025-10-13T14:42:36+00:00\",\"description\":\"Megrendel\u0151nk \u00fczemcsarnok\u00e1ba k\u00e9t k\u00f6r\u00fclker\u00edtett ter\u0171 teheremel\u0151 kialak\u00edt\u00e1s\u00e1ra, legy\u00e1rt\u00e1s\u00e1ra adott megrendel\u00e9st. N\u00e9zze meg, hogyan telep\u00edtett\u00fck!\",\"breadcrumb\":{\"@id\":\"https:\/\/ecocranes.hu\/ujabb-elegedett-ugyfel-teheremelo-tervezes-es-telepites\/#breadcrumb\"},\"inLanguage\":\"ro-RO\",\"potentialAction\":[{\"@type\":\"ReadAction\",\"target\":[\"https:\/\/ecocranes.hu\/ujabb-elegedett-ugyfel-teheremelo-tervezes-es-telepites\/\"]}],\"speakable\":{\"@type\":\"SpeakableSpecification\",\"cssSelector\":[\"h1\",\".elementor-widget-text-editor\"]}},{\"@type\":\"ImageObject\",\"inLanguage\":\"ro-RO\",\"@id\":\"https:\/\/ecocranes.hu\/ujabb-elegedett-ugyfel-teheremelo-tervezes-es-telepites\/#primaryimage\",\"url\":\"https:\/\/ecocranes.hu\/wp-content\/uploads\/2021\/04\/Lift-telepitese-daruval-Eco-Cranes.jpg\",\"contentUrl\":\"https:\/\/ecocranes.hu\/wp-content\/uploads\/2021\/04\/Lift-telepitese-daruval-Eco-Cranes.jpg\"},{\"@type\":\"BreadcrumbList\",\"@id\":\"https:\/\/ecocranes.hu\/ujabb-elegedett-ugyfel-teheremelo-tervezes-es-telepites\/#breadcrumb\",\"itemListElement\":[{\"@type\":\"ListItem\",\"position\":1,\"name\":\"Home\",\"item\":\"https:\/\/ecocranes.hu\/en\/\"},{\"@type\":\"ListItem\",\"position\":2,\"name\":\"\u00dajabb el\u00e9gedett \u00fcgyf\u00e9l \u2013 Teheremel\u0151 tervez\u00e9s \u00e9s telep\u00edt\u00e9s\"}]},{\"@type\":\"WebSite\",\"@id\":\"https:\/\/ecocranes.hu\/#website\",\"url\":\"https:\/\/ecocranes.hu\/\",\"name\":\"Eco-Cranes\",\"description\":\"Daruk \u00e9s emel\u0151g\u00e9pek\",\"publisher\":{\"@id\":\"https:\/\/ecocranes.hu\/#organization\"},\"potentialAction\":[{\"@type\":\"SearchAction\",\"target\":{\"@type\":\"EntryPoint\",\"urlTemplate\":\"https:\/\/ecocranes.hu\/?s={search_term_string}\"},\"query-input\":{\"@type\":\"PropertyValueSpecification\",\"valueRequired\":true,\"valueName\":\"search_term_string\"}}],\"inLanguage\":\"ro-RO\"},{\"@type\":\"Organization\",\"@id\":\"https:\/\/ecocranes.hu\/#organization\",\"name\":\"Eco-Cranes\",\"url\":\"https:\/\/ecocranes.hu\/\",\"logo\":{\"@type\":\"ImageObject\",\"inLanguage\":\"ro-RO\",\"@id\":\"https:\/\/ecocranes.hu\/#\/schema\/logo\/image\/\",\"url\":\"https:\/\/ecocranes.hu\/wp-content\/uploads\/2025\/09\/eco-cranes-logo.png\",\"contentUrl\":\"https:\/\/ecocranes.hu\/wp-content\/uploads\/2025\/09\/eco-cranes-logo.png\",\"width\":180,\"height\":18,\"caption\":\"Eco-Cranes\"},\"image\":{\"@id\":\"https:\/\/ecocranes.hu\/#\/schema\/logo\/image\/\"},\"sameAs\":[\"https:\/\/www.facebook.com\/ecocranes\"],\"address\":{\"@type\":\"PostalAddress\",\"streetAddress\":\"Ybl Mikl\u00f3s utca 42.\",\"addressLocality\":\"F\u00f3t\",\"postalCode\":\"2151\",\"addressCountry\":\"HU\"},\"geo\":{\"@type\":\"GeoCoordinates\",\"latitude\":47.61583300000000207319317269138991832733154296875,\"longitude\":19.181837000000001580701791681349277496337890625},\"openingHoursSpecification\":[{\"@type\":\"OpeningHoursSpecification\",\"dayOfWeek\":[\"Monday\",\"Tuesday\",\"Wednesday\",\"Thursday\",\"Friday\"],\"opens\":\"08:00\",\"closes\":\"17:00\"}],\"description\":\"Daruk, h\u00edddaruk, forg\u00f3daruk \u00e9s hidraulikus emel\u0151asztalok tervez\u00e9se, gy\u00e1rt\u00e1sa, telep\u00edt\u00e9se, szervize \u00e9s id\u0151szakos vizsg\u00e1lata.\",\"email\":\"info@ecocranes.hu\",\"telephone\":\"+36 27 360823\",\"legalName\":\"ECO-CRANES HUNGARY Daruk \u00e9s Emel\u0151g\u00e9pek Korl\u00e1tolt Felel\u0151ss\u00e9g\u0171 T\u00e1rsas\u00e1g\",\"vatID\":\"11912606-2-13\"},{\"@type\":\"Person\",\"@id\":\"https:\/\/ecocranes.hu\/#\/schema\/person\/313efb4c05acc39796b4c6dbd501f01d\",\"name\":\"eco.-admin\",\"image\":{\"@type\":\"ImageObject\",\"inLanguage\":\"ro-RO\",\"@id\":\"https:\/\/ecocranes.hu\/#\/schema\/person\/image\/\",\"url\":\"https:\/\/secure.gravatar.com\/avatar\/6f17916a31d634303d44a76de03b51e7eb11a9cfeaf3cefb8caf9b7d770eac89?s=96&d=mm&r=g\",\"contentUrl\":\"https:\/\/secure.gravatar.com\/avatar\/6f17916a31d634303d44a76de03b51e7eb11a9cfeaf3cefb8caf9b7d770eac89?s=96&d=mm&r=g\",\"caption\":\"eco.-admin\"},\"sameAs\":[\"https:\/\/ecocranes.hu\"],\"url\":\"https:\/\/ecocranes.hu\/ro\/author\/eco-admin\/\"}]}<\/script>\n<!-- \/ Yoast SEO Premium plugin. -->","yoast_head_json":{"title":"\u00cenc\u0103 un client mul\u021bumit \u2013 Proiectarea \u0219i instalarea echipamentelor de ridicare a \u00eenc\u0103rc\u0103turilor","description":"Clientul nostru ne-a comandat proiectarea \u0219i fabricarea a dou\u0103 platforme de ridicare a \u00eenc\u0103rc\u0103turilor, amplasate \u00een spa\u021bii delimitate, \u00een hala sa de produc\u021bie. Vede\u021bi cum le-am instalat!","robots":{"index":"index","follow":"follow","max-snippet":"max-snippet:-1","max-image-preview":"max-image-preview:large","max-video-preview":"max-video-preview:-1"},"canonical":"https:\/\/ecocranes.hu\/ro\/ujabb-elegedett-ugyfel-teheremelo-tervezes-es-telepites\/","og_locale":"ro_RO","og_type":"article","og_title":"\u00dajabb el\u00e9gedett \u00fcgyf\u00e9l \u2013 Teheremel\u0151 tervez\u00e9s \u00e9s telep\u00edt\u00e9s","og_description":"Megrendel\u0151nk \u00fczemcsarnok\u00e1ba k\u00e9t k\u00f6r\u00fclker\u00edtett ter\u0171 teheremel\u0151 kialak\u00edt\u00e1s\u00e1ra, legy\u00e1rt\u00e1s\u00e1ra adott megrendel\u00e9st. N\u00e9zze meg, hogyan telep\u00edtett\u00fck!","og_url":"https:\/\/ecocranes.hu\/ro\/ujabb-elegedett-ugyfel-teheremelo-tervezes-es-telepites\/","og_site_name":"Eco-Cranes","article_publisher":"https:\/\/www.facebook.com\/ecocranes","article_published_time":"2021-04-29T18:19:44+00:00","article_modified_time":"2025-10-13T14:42:36+00:00","og_image":[{"url":"https:\/\/ecocranes.hu\/wp-content\/uploads\/2021\/04\/Lift-telepitese-daruval-Eco-Cranes.jpg","width":768,"height":1024,"type":""}],"author":"eco.-admin","twitter_card":"summary_large_image","twitter_misc":{"Scris de":"eco.-admin","Timp estimat pentru citire":"3 minute"},"schema":{"@context":"https:\/\/schema.org","@graph":[{"@type":"Article","@id":"https:\/\/ecocranes.hu\/ujabb-elegedett-ugyfel-teheremelo-tervezes-es-telepites\/#article","isPartOf":{"@id":"https:\/\/ecocranes.hu\/ujabb-elegedett-ugyfel-teheremelo-tervezes-es-telepites\/"},"author":{"name":"eco.-admin","@id":"https:\/\/ecocranes.hu\/#\/schema\/person\/313efb4c05acc39796b4c6dbd501f01d"},"headline":"\u00dajabb el\u00e9gedett \u00fcgyf\u00e9l \u2013 Teheremel\u0151 tervez\u00e9s \u00e9s telep\u00edt\u00e9s","datePublished":"2021-04-29T18:19:44+00:00","dateModified":"2025-10-13T14:42:36+00:00","mainEntityOfPage":{"@id":"https:\/\/ecocranes.hu\/ujabb-elegedett-ugyfel-teheremelo-tervezes-es-telepites\/"},"wordCount":536,"commentCount":0,"publisher":{"@id":"https:\/\/ecocranes.hu\/#organization"},"image":{"@id":"https:\/\/ecocranes.hu\/ujabb-elegedett-ugyfel-teheremelo-tervezes-es-telepites\/#primaryimage"},"thumbnailUrl":"https:\/\/ecocranes.hu\/wp-content\/uploads\/2021\/04\/Lift-telepitese-daruval-Eco-Cranes.jpg","keywords":["lift","teheremel\u0151","teherfelvon\u00f3","teherlift"],"articleSection":["H\u00edrek, cikkek","Sikeres projektjeink"],"inLanguage":"ro-RO","potentialAction":[{"@type":"CommentAction","name":"Comment","target":["https:\/\/ecocranes.hu\/ujabb-elegedett-ugyfel-teheremelo-tervezes-es-telepites\/#respond"]}]},{"@type":"WebPage","@id":"https:\/\/ecocranes.hu\/ujabb-elegedett-ugyfel-teheremelo-tervezes-es-telepites\/","url":"https:\/\/ecocranes.hu\/ujabb-elegedett-ugyfel-teheremelo-tervezes-es-telepites\/","name":"\u00cenc\u0103 un client mul\u021bumit \u2013 Proiectarea \u0219i instalarea echipamentelor de ridicare a \u00eenc\u0103rc\u0103turilor","isPartOf":{"@id":"https:\/\/ecocranes.hu\/#website"},"primaryImageOfPage":{"@id":"https:\/\/ecocranes.hu\/ujabb-elegedett-ugyfel-teheremelo-tervezes-es-telepites\/#primaryimage"},"image":{"@id":"https:\/\/ecocranes.hu\/ujabb-elegedett-ugyfel-teheremelo-tervezes-es-telepites\/#primaryimage"},"thumbnailUrl":"https:\/\/ecocranes.hu\/wp-content\/uploads\/2021\/04\/Lift-telepitese-daruval-Eco-Cranes.jpg","datePublished":"2021-04-29T18:19:44+00:00","dateModified":"2025-10-13T14:42:36+00:00","description":"Clientul nostru ne-a comandat proiectarea \u0219i fabricarea a dou\u0103 platforme de ridicare a \u00eenc\u0103rc\u0103turilor, amplasate \u00een spa\u021bii delimitate, \u00een hala sa de produc\u021bie. Vede\u021bi cum le-am instalat!","breadcrumb":{"@id":"https:\/\/ecocranes.hu\/ujabb-elegedett-ugyfel-teheremelo-tervezes-es-telepites\/#breadcrumb"},"inLanguage":"ro-RO","potentialAction":[{"@type":"ReadAction","target":["https:\/\/ecocranes.hu\/ujabb-elegedett-ugyfel-teheremelo-tervezes-es-telepites\/"]}],"speakable":{"@type":"SpeakableSpecification","cssSelector":["h1",".elementor-widget-text-editor"]}},{"@type":"ImageObject","inLanguage":"ro-RO","@id":"https:\/\/ecocranes.hu\/ujabb-elegedett-ugyfel-teheremelo-tervezes-es-telepites\/#primaryimage","url":"https:\/\/ecocranes.hu\/wp-content\/uploads\/2021\/04\/Lift-telepitese-daruval-Eco-Cranes.jpg","contentUrl":"https:\/\/ecocranes.hu\/wp-content\/uploads\/2021\/04\/Lift-telepitese-daruval-Eco-Cranes.jpg"},{"@type":"BreadcrumbList","@id":"https:\/\/ecocranes.hu\/ujabb-elegedett-ugyfel-teheremelo-tervezes-es-telepites\/#breadcrumb","itemListElement":[{"@type":"ListItem","position":1,"name":"Home","item":"https:\/\/ecocranes.hu\/en\/"},{"@type":"ListItem","position":2,"name":"\u00dajabb el\u00e9gedett \u00fcgyf\u00e9l \u2013 Teheremel\u0151 tervez\u00e9s \u00e9s telep\u00edt\u00e9s"}]},{"@type":"WebSite","@id":"https:\/\/ecocranes.hu\/#website","url":"https:\/\/ecocranes.hu\/","name":"Eco-Cranes","description":"Macarale \u0219i utilaje de ridicare","publisher":{"@id":"https:\/\/ecocranes.hu\/#organization"},"potentialAction":[{"@type":"SearchAction","target":{"@type":"EntryPoint","urlTemplate":"https:\/\/ecocranes.hu\/?s={search_term_string}"},"query-input":{"@type":"PropertyValueSpecification","valueRequired":true,"valueName":"search_term_string"}}],"inLanguage":"ro-RO"},{"@type":"Organization","@id":"https:\/\/ecocranes.hu\/#organization","name":"Eco-Cranes","url":"https:\/\/ecocranes.hu\/","logo":{"@type":"ImageObject","inLanguage":"ro-RO","@id":"https:\/\/ecocranes.hu\/#\/schema\/logo\/image\/","url":"https:\/\/ecocranes.hu\/wp-content\/uploads\/2025\/09\/eco-cranes-logo.png","contentUrl":"https:\/\/ecocranes.hu\/wp-content\/uploads\/2025\/09\/eco-cranes-logo.png","width":180,"height":18,"caption":"Eco-Cranes"},"image":{"@id":"https:\/\/ecocranes.hu\/#\/schema\/logo\/image\/"},"sameAs":["https:\/\/www.facebook.com\/ecocranes"],"address":{"@type":"PostalAddress","streetAddress":"Ybl Mikl\u00f3s utca 42.","addressLocality":"F\u00f3t","postalCode":"2151","addressCountry":"HU"},"geo":{"@type":"GeoCoordinates","latitude":47.61583300000000207319317269138991832733154296875,"longitude":19.181837000000001580701791681349277496337890625},"openingHoursSpecification":[{"@type":"OpeningHoursSpecification","dayOfWeek":["Monday","Tuesday","Wednesday","Thursday","Friday"],"opens":"08:00","closes":"17:00"}],"description":"Daruk, h\u00edddaruk, forg\u00f3daruk \u00e9s hidraulikus emel\u0151asztalok tervez\u00e9se, gy\u00e1rt\u00e1sa, telep\u00edt\u00e9se, szervize \u00e9s id\u0151szakos vizsg\u00e1lata.","email":"info@ecocranes.hu","telephone":"+36 27 360823","legalName":"ECO-CRANES HUNGARY Daruk \u00e9s Emel\u0151g\u00e9pek Korl\u00e1tolt Felel\u0151ss\u00e9g\u0171 T\u00e1rsas\u00e1g","vatID":"11912606-2-13"},{"@type":"Person","@id":"https:\/\/ecocranes.hu\/#\/schema\/person\/313efb4c05acc39796b4c6dbd501f01d","name":"eco.-admin","image":{"@type":"ImageObject","inLanguage":"ro-RO","@id":"https:\/\/ecocranes.hu\/#\/schema\/person\/image\/","url":"https:\/\/secure.gravatar.com\/avatar\/6f17916a31d634303d44a76de03b51e7eb11a9cfeaf3cefb8caf9b7d770eac89?s=96&d=mm&r=g","contentUrl":"https:\/\/secure.gravatar.com\/avatar\/6f17916a31d634303d44a76de03b51e7eb11a9cfeaf3cefb8caf9b7d770eac89?s=96&d=mm&r=g","caption":"eco.-admin"},"sameAs":["https:\/\/ecocranes.hu"],"url":"https:\/\/ecocranes.hu\/ro\/author\/eco-admin\/"}]}},"_links":{"self":[{"href":"https:\/\/ecocranes.hu\/ro\/wp-json\/wp\/v2\/posts\/7063","targetHints":{"allow":["GET"]}}],"collection":[{"href":"https:\/\/ecocranes.hu\/ro\/wp-json\/wp\/v2\/posts"}],"about":[{"href":"https:\/\/ecocranes.hu\/ro\/wp-json\/wp\/v2\/types\/post"}],"author":[{"embeddable":true,"href":"https:\/\/ecocranes.hu\/ro\/wp-json\/wp\/v2\/users\/1"}],"replies":[{"embeddable":true,"href":"https:\/\/ecocranes.hu\/ro\/wp-json\/wp\/v2\/comments?post=7063"}],"version-history":[{"count":0,"href":"https:\/\/ecocranes.hu\/ro\/wp-json\/wp\/v2\/posts\/7063\/revisions"}],"wp:attachment":[{"href":"https:\/\/ecocranes.hu\/ro\/wp-json\/wp\/v2\/media?parent=7063"}],"wp:term":[{"taxonomy":"category","embeddable":true,"href":"https:\/\/ecocranes.hu\/ro\/wp-json\/wp\/v2\/categories?post=7063"},{"taxonomy":"post_tag","embeddable":true,"href":"https:\/\/ecocranes.hu\/ro\/wp-json\/wp\/v2\/tags?post=7063"}],"curies":[{"name":"wp","href":"https:\/\/api.w.org\/{rel}","templated":true}]}}