{"id":7012,"date":"2020-06-07T15:14:28","date_gmt":"2020-06-07T13:14:28","guid":{"rendered":"https:\/\/ecocranes.hu\/sikeres-projektjeink-egyike-kulteri-korulkeritett-technologiai-emelo\/"},"modified":"2026-09-04T13:21:04","modified_gmt":"2026-09-04T11:21:04","slug":"sikeres-projektjeink-egyike-kulteri-korulkeritett-technologiai-emelo","status":"publish","type":"post","link":"https:\/\/ecocranes.hu\/ro\/sikeres-projektjeink-egyike-kulteri-korulkeritett-technologiai-emelo\/","title":{"rendered":"Unul dintre proiectele noastre de succes: o platform\u0103 de ridicare tehnologic\u0103 \u00een aer liber, \u00eemprejmuit\u0103"},"content":{"rendered":"<p><strong>At\u00e2t \u00eentr-un depozit, c\u00e2t \u0219i pe un \u0219antier, exist\u0103 o serie de sarcini esen\u021biale. Depozitarea materialelor primite, transportarea c\u00e2t mai rapid\u0103 \u0219i mai simpl\u0103 a acestora la destina\u021bie, precum \u0219i manipularea materialelor se num\u0103r\u0103 cu siguran\u021b\u0103 printre acestea. Sarcina devine \u0219i mai dificil\u0103 atunci c\u00e2nd trebuie dep\u0103\u0219ite diferen\u021be de nivel. \u00cen astfel de cazuri, un dispozitiv de ridicare robust \u0219i stabil reprezint\u0103 un ajutor imens.<\/strong><\/p>\n<h2>Structur\u0103<\/h2>\n<p>Acesta <a href=\"https:\/\/ecocranes.hu\/ro\/eco-cranes-daruzasi-emelestechnikai-kft\/\">Eco-Cranes Hungary S.r.l.<\/a> instalat de,<strong><em> Instala\u021bie tehnologic\u0103 \u00een aer liber, \u00eemprejmuit\u0103, cu o capacitate de \u00eenc\u0103rcare de 500 kg<\/em> <a href=\"https:\/\/ecocranes.hu\/ro\/products\/emelok\/\">elevator<\/a> <\/strong>face ca manipularea materialelor s\u0103 fie mai sigur\u0103, mai simpl\u0103 \u0219i mai rapid\u0103. Structura de cadru autoportant\u0103 este format\u0103, a\u0219a cum se poate observa \u0219i \u00een figur\u0103, din dou\u0103 profile \u00eenchise cu ochiuri.<\/p>\n<p>Cele dou\u0103 elemente de cadru suprapuse <em><strong>este conectat printr-o \u00eembinare filetat\u0103<\/strong><\/em> \u00cen plus, elementul inferior este lipit de betonul pardoselii, iar elementul superior este fixat de cl\u0103dire cu \u0219uruburi cu cap plat, pentru a asigura siguran\u021ba \u0219i stabilitatea.<\/p>\n<p><em><strong>Structura cadru \u00eel \u00eenconjoar\u0103 complet<\/strong><\/em> structura mobil\u0103 \u00een form\u0103 de co\u0219, realizat\u0103, de asemenea, din profile \u00eenchise. Deplasarea structurii \u00een form\u0103 de co\u0219, ghidat\u0103 de \u0219ine pe ambele p\u0103r\u021bi ale cadrului, este asigurat\u0103 de un dispozitiv suspendat de cadrul superior, cu o capacitate maxim\u0103 de \u00eenc\u0103rcare de 1250 kg <a href=\"https:\/\/ecocranes.hu\/ro\/products\/emelok\/\">SWF CHAINSTER \u2013 dispozitiv electric de ridicare cu lan\u021b<\/a> se ocup\u0103 de asta.<\/p>\n<h2>Tablou de comand\u0103 electric<\/h2>\n<p>Acest lucru <em><strong>dulap de comand\u0103 electric<\/strong><\/em> a fost amplasat la etajul superior, \u00een interiorul cl\u0103dirii.<\/p>\n<pre>De\u0219i unitatea de comand\u0103 este prev\u0103zut\u0103 cu o carcas\u0103 din aluminiu care asigur\u0103 un grad de protec\u021bie IP55, precum \u0219i cu o izola\u021bie tropical\u0103 din clasa H, amplasarea sa \u00een interiorul cl\u0103dirii afecteaz\u0103 \u00een mod semnificativ <em><strong>reduce daunele cauzate de condi\u021biile meteorologice<\/strong><\/em>riscul k.<\/pre>\n<p>Datorit\u0103 construc\u021biei solide \u0219i utiliz\u0103rii unor materiale de calitate, dispozitivul de ridicare poate fi utilizat \u00eentr-un interval de temperatur\u0103 foarte larg, cuprins \u00eentre -20 \u00b0C \u0219i +50 \u00b0C.<\/p>\n<h2>Posibilitatea de extindere a mecanismului de ridicare<\/h2>\n<p>Setul poate fi extins sau modificat cu elemente op\u021bionale precum <em><strong>c\u00e2rligul \u0219i lan\u021bul de ridicare din o\u021bel inoxidabil, \u00eenc\u0103lzirea de men\u021binere<\/strong> <\/em>\u00een domeniul motoarelor \u0219i al sistemelor de comand\u0103 electric\u0103 sau chiar \u00een cel al echipamentelor pentru industria alimentar\u0103. \u00cen consultan\u021b\u0103 \u0219i proiectare <a href=\"https:\/\/ecocranes.hu\/ro\/kapcsolat\/\">colegii no\u0219tri<\/a> sunt la dispozi\u021bia dumneavoastr\u0103.<\/p>\n<h2>Facilitarea manipul\u0103rii materialelor<\/h2>\n<p>\u00centruc\u00e2t la nivelul inferior nu a fost prev\u0103zut\u0103 o groap\u0103 pentru co\u0219, pentru a asigura o manipulare mai u\u0219oar\u0103 a materialelor <em><strong>\u00een fa\u021ba u\u0219ii de jos a fost instalat\u0103 o ramp\u0103<\/strong><\/em>. \u00cen timpul mont\u0103rii, aspectul estetic este asigurat de vopsirea prin pulverizare cu epoxidic\u0103 a structurilor din o\u021bel, cu un strat de 70 \u03bcm grosime, precum \u0219i de acoperirea structurii cu tabl\u0103 trapezoidal\u0103, montat\u0103 la fa\u021ba locului.<\/p>\n<h2>Rezultatul final<\/h2>\n<p>Rezultatul final este, a\u0219adar, un produs robust, care \u00eendepline\u0219te pe deplin cerin\u021bele clientului, <em><strong>manipularea \u00een condi\u021bii de siguran\u021b\u0103 a materialelor<\/strong><\/em>a devenit un dispozitiv de ridicare care asigur\u0103 siguran\u021ba \u00een aproape orice circumstan\u021be.<\/p>","protected":false},"excerpt":{"rendered":"<p>Elevatorul tehnologic de exterior, cu capacitate de \u00eenc\u0103rcare de 500 kg, instalat de Eco-Cranes Hungary Kft. \u0219i prev\u0103zut cu gard de protec\u021bie, face ca manipularea materialelor s\u0103 fie mai sigur\u0103, mai simpl\u0103 \u0219i mai rapid\u0103.<\/p>","protected":false},"author":1,"featured_media":7013,"comment_status":"open","ping_status":"open","sticky":false,"template":"","format":"standard","meta":{"_acf_changed":false,"footnotes":""},"categories":[101,102,103],"tags":[104,105,106,107,108],"class_list":["post-7012","post","type-post","status-publish","format-standard","has-post-thumbnail","hentry","category-emelo","category-hirek-cikkek","category-sikeres-projektjeink","tag-500-kg","tag-anyagmozgatas","tag-referencia","tag-swf-chainster","tag-technikai-emelo","has-thumb"],"acf":[],"yoast_head":"<!-- This site is optimized with the Yoast SEO Premium plugin v26.2 (Yoast SEO v26.6) - https:\/\/yoast.com\/wordpress\/plugins\/seo\/ -->\n<title>Sikeres projektjeink egyike: k\u00fclt\u00e9ri k\u00f6r\u00fclker\u00edtett technol\u00f3giai emel\u0151 - Eco-Cranes<\/title>\n<meta name=\"description\" content=\"Egy rakt\u00e1rban vagy ak\u00e1r egy \u00e9p\u00edtkez\u00e9sen j\u00f3 n\u00e9h\u00e1ny kulcsfontoss\u00e1g\u00fa feladat van. A be\u00e9rkezett anyagok dep\u00f3z\u00e1sa, min\u00e9l gyorsabb \u00e9s egyszer\u0171bb eljuttat\u00e1sa a\u2026\" \/>\n<meta name=\"robots\" content=\"index, follow, max-snippet:-1, max-image-preview:large, max-video-preview:-1\" \/>\n<link rel=\"canonical\" href=\"https:\/\/ecocranes.hu\/ro\/sikeres-projektjeink-egyike-kulteri-korulkeritett-technologiai-emelo\/\" \/>\n<meta property=\"og:locale\" content=\"ro_RO\" \/>\n<meta property=\"og:type\" content=\"article\" \/>\n<meta property=\"og:title\" content=\"Sikeres projektjeink egyike: k\u00fclt\u00e9ri k\u00f6r\u00fclker\u00edtett technol\u00f3giai emel\u0151\" \/>\n<meta property=\"og:description\" content=\"Egy rakt\u00e1rban vagy ak\u00e1r egy \u00e9p\u00edtkez\u00e9sen j\u00f3 n\u00e9h\u00e1ny kulcsfontoss\u00e1g\u00fa feladat van. A be\u00e9rkezett anyagok dep\u00f3z\u00e1sa, min\u00e9l gyorsabb \u00e9s egyszer\u0171bb eljuttat\u00e1sa a\u2026\" \/>\n<meta property=\"og:url\" content=\"https:\/\/ecocranes.hu\/ro\/sikeres-projektjeink-egyike-kulteri-korulkeritett-technologiai-emelo\/\" \/>\n<meta property=\"og:site_name\" content=\"Eco-Cranes\" \/>\n<meta property=\"article:publisher\" content=\"https:\/\/www.facebook.com\/ecocranes\" \/>\n<meta property=\"article:published_time\" content=\"2020-06-07T13:14:28+00:00\" \/>\n<meta property=\"article:modified_time\" content=\"2026-09-04T11:21:04+00:00\" \/>\n<meta property=\"og:image\" content=\"https:\/\/ecocranes.hu\/wp-content\/uploads\/2025\/10\/EcoCranes__daru_vazlatrajz.png\" \/>\n\t<meta property=\"og:image:width\" content=\"1231\" \/>\n\t<meta property=\"og:image:height\" content=\"868\" \/>\n\t<meta property=\"og:image:type\" content=\"image\/png\" \/>\n<meta name=\"author\" content=\"eco.-admin\" \/>\n<meta name=\"twitter:card\" content=\"summary_large_image\" \/>\n<meta name=\"twitter:label1\" content=\"Scris de\" \/>\n\t<meta name=\"twitter:data1\" content=\"eco.-admin\" \/>\n\t<meta name=\"twitter:label2\" content=\"Timp estimat pentru citire\" \/>\n\t<meta name=\"twitter:data2\" content=\"3 minute\" \/>\n<script type=\"application\/ld+json\" class=\"yoast-schema-graph\">{\"@context\":\"https:\/\/schema.org\",\"@graph\":[{\"@type\":\"Article\",\"@id\":\"https:\/\/ecocranes.hu\/sikeres-projektjeink-egyike-kulteri-korulkeritett-technologiai-emelo\/#article\",\"isPartOf\":{\"@id\":\"https:\/\/ecocranes.hu\/sikeres-projektjeink-egyike-kulteri-korulkeritett-technologiai-emelo\/\"},\"author\":{\"name\":\"eco.-admin\",\"@id\":\"https:\/\/ecocranes.hu\/#\/schema\/person\/313efb4c05acc39796b4c6dbd501f01d\"},\"headline\":\"Sikeres projektjeink egyike: k\u00fclt\u00e9ri k\u00f6r\u00fclker\u00edtett technol\u00f3giai emel\u0151\",\"datePublished\":\"2020-06-07T13:14:28+00:00\",\"dateModified\":\"2026-09-04T11:21:04+00:00\",\"mainEntityOfPage\":{\"@id\":\"https:\/\/ecocranes.hu\/sikeres-projektjeink-egyike-kulteri-korulkeritett-technologiai-emelo\/\"},\"wordCount\":476,\"commentCount\":0,\"publisher\":{\"@id\":\"https:\/\/ecocranes.hu\/#organization\"},\"image\":{\"@id\":\"https:\/\/ecocranes.hu\/sikeres-projektjeink-egyike-kulteri-korulkeritett-technologiai-emelo\/#primaryimage\"},\"thumbnailUrl\":\"https:\/\/ecocranes.hu\/wp-content\/uploads\/2025\/10\/EcoCranes__daru_vazlatrajz.png\",\"keywords\":[\"500 kg\",\"anyagmozgat\u00e1s\",\"referencia\",\"SWF Chainster\",\"technikai emel\u0151\"],\"articleSection\":[\"Emel\u0151\",\"H\u00edrek, cikkek\",\"Sikeres projektjeink\"],\"inLanguage\":\"ro-RO\",\"potentialAction\":[{\"@type\":\"CommentAction\",\"name\":\"Comment\",\"target\":[\"https:\/\/ecocranes.hu\/sikeres-projektjeink-egyike-kulteri-korulkeritett-technologiai-emelo\/#respond\"]}]},{\"@type\":\"WebPage\",\"@id\":\"https:\/\/ecocranes.hu\/sikeres-projektjeink-egyike-kulteri-korulkeritett-technologiai-emelo\/\",\"url\":\"https:\/\/ecocranes.hu\/sikeres-projektjeink-egyike-kulteri-korulkeritett-technologiai-emelo\/\",\"name\":\"Sikeres projektjeink egyike: k\u00fclt\u00e9ri k\u00f6r\u00fclker\u00edtett technol\u00f3giai emel\u0151 - Eco-Cranes\",\"isPartOf\":{\"@id\":\"https:\/\/ecocranes.hu\/#website\"},\"primaryImageOfPage\":{\"@id\":\"https:\/\/ecocranes.hu\/sikeres-projektjeink-egyike-kulteri-korulkeritett-technologiai-emelo\/#primaryimage\"},\"image\":{\"@id\":\"https:\/\/ecocranes.hu\/sikeres-projektjeink-egyike-kulteri-korulkeritett-technologiai-emelo\/#primaryimage\"},\"thumbnailUrl\":\"https:\/\/ecocranes.hu\/wp-content\/uploads\/2025\/10\/EcoCranes__daru_vazlatrajz.png\",\"datePublished\":\"2020-06-07T13:14:28+00:00\",\"dateModified\":\"2026-09-04T11:21:04+00:00\",\"description\":\"Egy rakt\u00e1rban vagy ak\u00e1r egy \u00e9p\u00edtkez\u00e9sen j\u00f3 n\u00e9h\u00e1ny kulcsfontoss\u00e1g\u00fa feladat van. A be\u00e9rkezett anyagok dep\u00f3z\u00e1sa, min\u00e9l gyorsabb \u00e9s egyszer\u0171bb eljuttat\u00e1sa a\u2026\",\"breadcrumb\":{\"@id\":\"https:\/\/ecocranes.hu\/sikeres-projektjeink-egyike-kulteri-korulkeritett-technologiai-emelo\/#breadcrumb\"},\"inLanguage\":\"ro-RO\",\"potentialAction\":[{\"@type\":\"ReadAction\",\"target\":[\"https:\/\/ecocranes.hu\/sikeres-projektjeink-egyike-kulteri-korulkeritett-technologiai-emelo\/\"]}],\"speakable\":{\"@type\":\"SpeakableSpecification\",\"cssSelector\":[\"h1\",\".elementor-widget-text-editor\"]}},{\"@type\":\"ImageObject\",\"inLanguage\":\"ro-RO\",\"@id\":\"https:\/\/ecocranes.hu\/sikeres-projektjeink-egyike-kulteri-korulkeritett-technologiai-emelo\/#primaryimage\",\"url\":\"https:\/\/ecocranes.hu\/wp-content\/uploads\/2025\/10\/EcoCranes__daru_vazlatrajz.png\",\"contentUrl\":\"https:\/\/ecocranes.hu\/wp-content\/uploads\/2025\/10\/EcoCranes__daru_vazlatrajz.png\",\"width\":1231,\"height\":868,\"caption\":\"Sikeres projektjeink egyike: k\u00fclt\u00e9ri k\u00f6r\u00fclker\u00edtett technol\u00f3giai emel\u0151 \u2013 EcoCranes daru vazlatrajz\"},{\"@type\":\"BreadcrumbList\",\"@id\":\"https:\/\/ecocranes.hu\/sikeres-projektjeink-egyike-kulteri-korulkeritett-technologiai-emelo\/#breadcrumb\",\"itemListElement\":[{\"@type\":\"ListItem\",\"position\":1,\"name\":\"Home\",\"item\":\"https:\/\/ecocranes.hu\/en\/\"},{\"@type\":\"ListItem\",\"position\":2,\"name\":\"Sikeres projektjeink egyike: k\u00fclt\u00e9ri k\u00f6r\u00fclker\u00edtett technol\u00f3giai emel\u0151\"}]},{\"@type\":\"WebSite\",\"@id\":\"https:\/\/ecocranes.hu\/#website\",\"url\":\"https:\/\/ecocranes.hu\/\",\"name\":\"Eco-Cranes\",\"description\":\"Daruk \u00e9s emel\u0151g\u00e9pek\",\"publisher\":{\"@id\":\"https:\/\/ecocranes.hu\/#organization\"},\"potentialAction\":[{\"@type\":\"SearchAction\",\"target\":{\"@type\":\"EntryPoint\",\"urlTemplate\":\"https:\/\/ecocranes.hu\/?s={search_term_string}\"},\"query-input\":{\"@type\":\"PropertyValueSpecification\",\"valueRequired\":true,\"valueName\":\"search_term_string\"}}],\"inLanguage\":\"ro-RO\"},{\"@type\":\"Organization\",\"@id\":\"https:\/\/ecocranes.hu\/#organization\",\"name\":\"Eco-Cranes\",\"url\":\"https:\/\/ecocranes.hu\/\",\"logo\":{\"@type\":\"ImageObject\",\"inLanguage\":\"ro-RO\",\"@id\":\"https:\/\/ecocranes.hu\/#\/schema\/logo\/image\/\",\"url\":\"https:\/\/ecocranes.hu\/wp-content\/uploads\/2025\/09\/eco-cranes-logo.png\",\"contentUrl\":\"https:\/\/ecocranes.hu\/wp-content\/uploads\/2025\/09\/eco-cranes-logo.png\",\"width\":180,\"height\":18,\"caption\":\"Eco-Cranes\"},\"image\":{\"@id\":\"https:\/\/ecocranes.hu\/#\/schema\/logo\/image\/\"},\"sameAs\":[\"https:\/\/www.facebook.com\/ecocranes\"],\"address\":{\"@type\":\"PostalAddress\",\"streetAddress\":\"Ybl Mikl\u00f3s utca 42.\",\"addressLocality\":\"F\u00f3t\",\"postalCode\":\"2151\",\"addressCountry\":\"HU\"},\"geo\":{\"@type\":\"GeoCoordinates\",\"latitude\":47.61583300000000207319317269138991832733154296875,\"longitude\":19.181837000000001580701791681349277496337890625},\"openingHoursSpecification\":[{\"@type\":\"OpeningHoursSpecification\",\"dayOfWeek\":[\"Monday\",\"Tuesday\",\"Wednesday\",\"Thursday\",\"Friday\"],\"opens\":\"08:00\",\"closes\":\"17:00\"}],\"description\":\"Daruk, h\u00edddaruk, forg\u00f3daruk \u00e9s hidraulikus emel\u0151asztalok tervez\u00e9se, gy\u00e1rt\u00e1sa, telep\u00edt\u00e9se, szervize \u00e9s id\u0151szakos vizsg\u00e1lata.\",\"email\":\"info@ecocranes.hu\",\"telephone\":\"+36 27 360823\",\"legalName\":\"ECO-CRANES HUNGARY Daruk \u00e9s Emel\u0151g\u00e9pek Korl\u00e1tolt Felel\u0151ss\u00e9g\u0171 T\u00e1rsas\u00e1g\",\"vatID\":\"11912606-2-13\"},{\"@type\":\"Person\",\"@id\":\"https:\/\/ecocranes.hu\/#\/schema\/person\/313efb4c05acc39796b4c6dbd501f01d\",\"name\":\"eco.-admin\",\"image\":{\"@type\":\"ImageObject\",\"inLanguage\":\"ro-RO\",\"@id\":\"https:\/\/ecocranes.hu\/#\/schema\/person\/image\/\",\"url\":\"https:\/\/secure.gravatar.com\/avatar\/6f17916a31d634303d44a76de03b51e7eb11a9cfeaf3cefb8caf9b7d770eac89?s=96&d=mm&r=g\",\"contentUrl\":\"https:\/\/secure.gravatar.com\/avatar\/6f17916a31d634303d44a76de03b51e7eb11a9cfeaf3cefb8caf9b7d770eac89?s=96&d=mm&r=g\",\"caption\":\"eco.-admin\"},\"sameAs\":[\"https:\/\/ecocranes.hu\"],\"url\":\"https:\/\/ecocranes.hu\/ro\/author\/eco-admin\/\"}]}<\/script>\n<!-- \/ Yoast SEO Premium plugin. -->","yoast_head_json":{"title":"Sikeres projektjeink egyike: k\u00fclt\u00e9ri k\u00f6r\u00fclker\u00edtett technol\u00f3giai emel\u0151 - Eco-Cranes","description":"Egy rakt\u00e1rban vagy ak\u00e1r egy \u00e9p\u00edtkez\u00e9sen j\u00f3 n\u00e9h\u00e1ny kulcsfontoss\u00e1g\u00fa feladat van. A be\u00e9rkezett anyagok dep\u00f3z\u00e1sa, min\u00e9l gyorsabb \u00e9s egyszer\u0171bb eljuttat\u00e1sa a\u2026","robots":{"index":"index","follow":"follow","max-snippet":"max-snippet:-1","max-image-preview":"max-image-preview:large","max-video-preview":"max-video-preview:-1"},"canonical":"https:\/\/ecocranes.hu\/ro\/sikeres-projektjeink-egyike-kulteri-korulkeritett-technologiai-emelo\/","og_locale":"ro_RO","og_type":"article","og_title":"Sikeres projektjeink egyike: k\u00fclt\u00e9ri k\u00f6r\u00fclker\u00edtett technol\u00f3giai emel\u0151","og_description":"Egy rakt\u00e1rban vagy ak\u00e1r egy \u00e9p\u00edtkez\u00e9sen j\u00f3 n\u00e9h\u00e1ny kulcsfontoss\u00e1g\u00fa feladat van. A be\u00e9rkezett anyagok dep\u00f3z\u00e1sa, min\u00e9l gyorsabb \u00e9s egyszer\u0171bb eljuttat\u00e1sa a\u2026","og_url":"https:\/\/ecocranes.hu\/ro\/sikeres-projektjeink-egyike-kulteri-korulkeritett-technologiai-emelo\/","og_site_name":"Eco-Cranes","article_publisher":"https:\/\/www.facebook.com\/ecocranes","article_published_time":"2020-06-07T13:14:28+00:00","article_modified_time":"2026-09-04T11:21:04+00:00","og_image":[{"width":1231,"height":868,"url":"https:\/\/ecocranes.hu\/wp-content\/uploads\/2025\/10\/EcoCranes__daru_vazlatrajz.png","type":"image\/png"}],"author":"eco.-admin","twitter_card":"summary_large_image","twitter_misc":{"Scris de":"eco.-admin","Timp estimat pentru citire":"3 minute"},"schema":{"@context":"https:\/\/schema.org","@graph":[{"@type":"Article","@id":"https:\/\/ecocranes.hu\/sikeres-projektjeink-egyike-kulteri-korulkeritett-technologiai-emelo\/#article","isPartOf":{"@id":"https:\/\/ecocranes.hu\/sikeres-projektjeink-egyike-kulteri-korulkeritett-technologiai-emelo\/"},"author":{"name":"eco.-admin","@id":"https:\/\/ecocranes.hu\/#\/schema\/person\/313efb4c05acc39796b4c6dbd501f01d"},"headline":"Sikeres projektjeink egyike: k\u00fclt\u00e9ri k\u00f6r\u00fclker\u00edtett technol\u00f3giai emel\u0151","datePublished":"2020-06-07T13:14:28+00:00","dateModified":"2026-09-04T11:21:04+00:00","mainEntityOfPage":{"@id":"https:\/\/ecocranes.hu\/sikeres-projektjeink-egyike-kulteri-korulkeritett-technologiai-emelo\/"},"wordCount":476,"commentCount":0,"publisher":{"@id":"https:\/\/ecocranes.hu\/#organization"},"image":{"@id":"https:\/\/ecocranes.hu\/sikeres-projektjeink-egyike-kulteri-korulkeritett-technologiai-emelo\/#primaryimage"},"thumbnailUrl":"https:\/\/ecocranes.hu\/wp-content\/uploads\/2025\/10\/EcoCranes__daru_vazlatrajz.png","keywords":["500 kg","anyagmozgat\u00e1s","referencia","SWF Chainster","technikai emel\u0151"],"articleSection":["Emel\u0151","H\u00edrek, cikkek","Sikeres projektjeink"],"inLanguage":"ro-RO","potentialAction":[{"@type":"CommentAction","name":"Comment","target":["https:\/\/ecocranes.hu\/sikeres-projektjeink-egyike-kulteri-korulkeritett-technologiai-emelo\/#respond"]}]},{"@type":"WebPage","@id":"https:\/\/ecocranes.hu\/sikeres-projektjeink-egyike-kulteri-korulkeritett-technologiai-emelo\/","url":"https:\/\/ecocranes.hu\/sikeres-projektjeink-egyike-kulteri-korulkeritett-technologiai-emelo\/","name":"Sikeres projektjeink egyike: k\u00fclt\u00e9ri k\u00f6r\u00fclker\u00edtett technol\u00f3giai emel\u0151 - Eco-Cranes","isPartOf":{"@id":"https:\/\/ecocranes.hu\/#website"},"primaryImageOfPage":{"@id":"https:\/\/ecocranes.hu\/sikeres-projektjeink-egyike-kulteri-korulkeritett-technologiai-emelo\/#primaryimage"},"image":{"@id":"https:\/\/ecocranes.hu\/sikeres-projektjeink-egyike-kulteri-korulkeritett-technologiai-emelo\/#primaryimage"},"thumbnailUrl":"https:\/\/ecocranes.hu\/wp-content\/uploads\/2025\/10\/EcoCranes__daru_vazlatrajz.png","datePublished":"2020-06-07T13:14:28+00:00","dateModified":"2026-09-04T11:21:04+00:00","description":"Egy rakt\u00e1rban vagy ak\u00e1r egy \u00e9p\u00edtkez\u00e9sen j\u00f3 n\u00e9h\u00e1ny kulcsfontoss\u00e1g\u00fa feladat van. A be\u00e9rkezett anyagok dep\u00f3z\u00e1sa, min\u00e9l gyorsabb \u00e9s egyszer\u0171bb eljuttat\u00e1sa a\u2026","breadcrumb":{"@id":"https:\/\/ecocranes.hu\/sikeres-projektjeink-egyike-kulteri-korulkeritett-technologiai-emelo\/#breadcrumb"},"inLanguage":"ro-RO","potentialAction":[{"@type":"ReadAction","target":["https:\/\/ecocranes.hu\/sikeres-projektjeink-egyike-kulteri-korulkeritett-technologiai-emelo\/"]}],"speakable":{"@type":"SpeakableSpecification","cssSelector":["h1",".elementor-widget-text-editor"]}},{"@type":"ImageObject","inLanguage":"ro-RO","@id":"https:\/\/ecocranes.hu\/sikeres-projektjeink-egyike-kulteri-korulkeritett-technologiai-emelo\/#primaryimage","url":"https:\/\/ecocranes.hu\/wp-content\/uploads\/2025\/10\/EcoCranes__daru_vazlatrajz.png","contentUrl":"https:\/\/ecocranes.hu\/wp-content\/uploads\/2025\/10\/EcoCranes__daru_vazlatrajz.png","width":1231,"height":868,"caption":"Sikeres projektjeink egyike: k\u00fclt\u00e9ri k\u00f6r\u00fclker\u00edtett technol\u00f3giai emel\u0151 \u2013 EcoCranes daru vazlatrajz"},{"@type":"BreadcrumbList","@id":"https:\/\/ecocranes.hu\/sikeres-projektjeink-egyike-kulteri-korulkeritett-technologiai-emelo\/#breadcrumb","itemListElement":[{"@type":"ListItem","position":1,"name":"Home","item":"https:\/\/ecocranes.hu\/en\/"},{"@type":"ListItem","position":2,"name":"Sikeres projektjeink egyike: k\u00fclt\u00e9ri k\u00f6r\u00fclker\u00edtett technol\u00f3giai emel\u0151"}]},{"@type":"WebSite","@id":"https:\/\/ecocranes.hu\/#website","url":"https:\/\/ecocranes.hu\/","name":"Eco-Cranes","description":"Macarale \u0219i utilaje de ridicare","publisher":{"@id":"https:\/\/ecocranes.hu\/#organization"},"potentialAction":[{"@type":"SearchAction","target":{"@type":"EntryPoint","urlTemplate":"https:\/\/ecocranes.hu\/?s={search_term_string}"},"query-input":{"@type":"PropertyValueSpecification","valueRequired":true,"valueName":"search_term_string"}}],"inLanguage":"ro-RO"},{"@type":"Organization","@id":"https:\/\/ecocranes.hu\/#organization","name":"Eco-Cranes","url":"https:\/\/ecocranes.hu\/","logo":{"@type":"ImageObject","inLanguage":"ro-RO","@id":"https:\/\/ecocranes.hu\/#\/schema\/logo\/image\/","url":"https:\/\/ecocranes.hu\/wp-content\/uploads\/2025\/09\/eco-cranes-logo.png","contentUrl":"https:\/\/ecocranes.hu\/wp-content\/uploads\/2025\/09\/eco-cranes-logo.png","width":180,"height":18,"caption":"Eco-Cranes"},"image":{"@id":"https:\/\/ecocranes.hu\/#\/schema\/logo\/image\/"},"sameAs":["https:\/\/www.facebook.com\/ecocranes"],"address":{"@type":"PostalAddress","streetAddress":"Ybl Mikl\u00f3s utca 42.","addressLocality":"F\u00f3t","postalCode":"2151","addressCountry":"HU"},"geo":{"@type":"GeoCoordinates","latitude":47.61583300000000207319317269138991832733154296875,"longitude":19.181837000000001580701791681349277496337890625},"openingHoursSpecification":[{"@type":"OpeningHoursSpecification","dayOfWeek":["Monday","Tuesday","Wednesday","Thursday","Friday"],"opens":"08:00","closes":"17:00"}],"description":"Daruk, h\u00edddaruk, forg\u00f3daruk \u00e9s hidraulikus emel\u0151asztalok tervez\u00e9se, gy\u00e1rt\u00e1sa, telep\u00edt\u00e9se, szervize \u00e9s id\u0151szakos vizsg\u00e1lata.","email":"info@ecocranes.hu","telephone":"+36 27 360823","legalName":"ECO-CRANES HUNGARY Daruk \u00e9s Emel\u0151g\u00e9pek Korl\u00e1tolt Felel\u0151ss\u00e9g\u0171 T\u00e1rsas\u00e1g","vatID":"11912606-2-13"},{"@type":"Person","@id":"https:\/\/ecocranes.hu\/#\/schema\/person\/313efb4c05acc39796b4c6dbd501f01d","name":"eco.-admin","image":{"@type":"ImageObject","inLanguage":"ro-RO","@id":"https:\/\/ecocranes.hu\/#\/schema\/person\/image\/","url":"https:\/\/secure.gravatar.com\/avatar\/6f17916a31d634303d44a76de03b51e7eb11a9cfeaf3cefb8caf9b7d770eac89?s=96&d=mm&r=g","contentUrl":"https:\/\/secure.gravatar.com\/avatar\/6f17916a31d634303d44a76de03b51e7eb11a9cfeaf3cefb8caf9b7d770eac89?s=96&d=mm&r=g","caption":"eco.-admin"},"sameAs":["https:\/\/ecocranes.hu"],"url":"https:\/\/ecocranes.hu\/ro\/author\/eco-admin\/"}]}},"_links":{"self":[{"href":"https:\/\/ecocranes.hu\/ro\/wp-json\/wp\/v2\/posts\/7012","targetHints":{"allow":["GET"]}}],"collection":[{"href":"https:\/\/ecocranes.hu\/ro\/wp-json\/wp\/v2\/posts"}],"about":[{"href":"https:\/\/ecocranes.hu\/ro\/wp-json\/wp\/v2\/types\/post"}],"author":[{"embeddable":true,"href":"https:\/\/ecocranes.hu\/ro\/wp-json\/wp\/v2\/users\/1"}],"replies":[{"embeddable":true,"href":"https:\/\/ecocranes.hu\/ro\/wp-json\/wp\/v2\/comments?post=7012"}],"version-history":[{"count":1,"href":"https:\/\/ecocranes.hu\/ro\/wp-json\/wp\/v2\/posts\/7012\/revisions"}],"predecessor-version":[{"id":11875,"href":"https:\/\/ecocranes.hu\/ro\/wp-json\/wp\/v2\/posts\/7012\/revisions\/11875"}],"wp:featuredmedia":[{"embeddable":true,"href":"https:\/\/ecocranes.hu\/ro\/wp-json\/wp\/v2\/media\/7013"}],"wp:attachment":[{"href":"https:\/\/ecocranes.hu\/ro\/wp-json\/wp\/v2\/media?parent=7012"}],"wp:term":[{"taxonomy":"category","embeddable":true,"href":"https:\/\/ecocranes.hu\/ro\/wp-json\/wp\/v2\/categories?post=7012"},{"taxonomy":"post_tag","embeddable":true,"href":"https:\/\/ecocranes.hu\/ro\/wp-json\/wp\/v2\/tags?post=7012"}],"curies":[{"name":"wp","href":"https:\/\/api.w.org\/{rel}","templated":true}]}}