{"id":11202,"date":"2026-08-30T19:54:38","date_gmt":"2026-08-30T17:54:38","guid":{"rendered":"https:\/\/ecocranes.hu\/?p=11202"},"modified":"2026-08-30T21:02:53","modified_gmt":"2026-08-30T19:02:53","slug":"daruszabvanyok-magyarorszagon-es-a-vilagban","status":"publish","type":"post","link":"https:\/\/ecocranes.hu\/ro\/daruszabvanyok-magyarorszagon-es-a-vilagban\/","title":{"rendered":"Standardele privind macaralele \u00een Ungaria \u0219i \u00een lume"},"content":{"rendered":"<div data-elementor-type=\"wp-post\" data-elementor-id=\"11202\" class=\"elementor elementor-11202\" data-elementor-post-type=\"post\">\n\t\t\t\t<div class=\"elementor-element elementor-element-8ecbce1 e-flex e-con-boxed e-con e-parent\" data-id=\"8ecbce1\" data-element_type=\"container\" data-settings=\"{&quot;jet_parallax_layout_list&quot;:[]}\">\n\t\t\t\t\t<div class=\"e-con-inner\">\n\t\t\t\t<div class=\"elementor-element elementor-element-faef46b elementor-widget elementor-widget-text-editor\" data-id=\"faef46b\" data-element_type=\"widget\" data-widget_type=\"text-editor.default\">\n\t\t\t\t\t\t\t\t\t<p><strong>O sarcin\u0103 de c\u00e2teva tone suspendat\u0103 \u00een aer nu iart\u0103 gre\u0219elile. Prin urmare, la proiectarea unei macarale nu este suficient s\u0103 se \u0219tie doar ce greutate trebuie s\u0103 ridice. Trebuie stabilit \u0219i c\u00e2t de des func\u021bioneaz\u0103, ce sarcini suport\u0103, cum este verificat\u0103, cum este exploatat\u0103; \u0219i ce se \u00eent\u00e2mpl\u0103 \u00een cazul \u00een care ceva nu func\u021bioneaz\u0103 corect. <\/strong><\/p><p><strong>Acest sistem este definit de standardele privind macaralele. <\/strong><\/p><h2>Nu este vorba de un singur standard, ci de un \u00eentreg sistem<\/h2><p>La nivel interna\u021bional, acesta <a href=\"https:\/\/www.iso.org\/standard\/63070.html\">ISO 4301-1:2016<\/a> <em>(Macarale \u2013 Clasificare \u2013 Partea 1: Generalit\u0103\u021bi)<\/em> unul dintre documentele fundamentale. Macaralele \u0219i mecanismele acestora sunt adaptate la condi\u021biile de utilizare \u0219i la scopul prev\u0103zut <a href=\"https:\/\/ecocranes.hu\/ro\/energiahatekony-daruuzem-optimalis-ciklusok-es-hosszabb-elettartam\/\">cicluri de lucru<\/a>, pe baza spectrului de \u00eenc\u0103rcare \u0219i a deplas\u0103rilor medii.<\/p><p>Acest lucru este important deoarece o macara care efectueaz\u0103 c\u00e2teva sute de ridic\u0103ri pe an \u0219i o macara industrial\u0103 care func\u021bioneaz\u0103 \u00een mod continuu sunt supuse unor solicit\u0103ri cu totul diferite.<\/p><h2>Baza european\u0103 de proiectare: EN 13001<\/h2><p>Una dintre cele mai importante serii de standarde din domeniul proiect\u0103rii macaralelor la nivel european este EN 13001, care \u00een Ungaria este cunoscut\u0103 sub denumirea de MSZ EN 13001.<\/p><blockquote><p>Acesta <a href=\"https:\/\/ugyintezes.mszt.hu\/webaruhaz\/szabvany-adatok?standard=130577\">MSZ EN 13001-1:2015<\/a> <em>(Macarale. Caracteristici generale. Partea 1: Principii generale \u0219i cerin\u021be)<\/em> stabile\u0219te principiile generale de proiectare necesare pentru prevenirea riscurilor mecanice asociate macaralelor. Conform MSZT, aceasta trebuie aplicat\u0103 \u00eempreun\u0103 cu celelalte p\u0103r\u021bi ale standardului EN 13001.<\/p><\/blockquote><p>Seria de standarde evolueaz\u0103 \u00een mod continuu: de exemplu, este valabil\u0103 <a href=\"https:\/\/ugyintezes.mszt.hu\/webaruhaz\/szabvany-adatok?standard=153102\">MSZ EN 13001-3-5:2026<\/a>, care reglementeaz\u0103 st\u0103rile limit\u0103 ale c\u00e2rligelor de macara forjate \u0219i turnate, precum \u0219i certificarea conformit\u0103\u021bii acestora. De asemenea, a fost publicat \u0219i standardul MSZ EN 13001-3-6:2026, care trateaz\u0103 limitele de rezisten\u021b\u0103 mecanic\u0103 ale cilindrilor hidraulici utiliza\u021bi \u00een structurile portante ale macaralelor.<\/p><h2>Macarale pe pod \u0219i macarale pe platform\u0103: cerin\u021be speciale<\/h2><p>O macara pe pod care func\u021bioneaz\u0103 \u00eentr-o hal\u0103 industrial\u0103 are o structur\u0103 cu totul diferit\u0103 fa\u021b\u0103 de o macara mobil\u0103 sau o macara cu turn. Aceasta <a href=\"https:\/\/ugyintezes.mszt.hu\/webaruhaz\/szabvany-adatok?standard=139470\">MSZ EN 15011:2021<\/a> <em>(Macarale. Macarale de pod \u0219i macarale pe platform\u0103)<\/em> se refer\u0103 \u00een mod specific la cerin\u021bele de siguran\u021b\u0103 pentru macaralele de pod \u0219i macaralele pe st\u00e2lpi care se deplaseaz\u0103 pe \u0219ine sau \u00een alt mod, precum \u0219i pentru cele fixe.<\/p><p>Noul acord interna\u021bional <a href=\"https:\/\/www.iso.org\/standard\/90196.html\">ISO 12480-5:2026<\/a> \u0219i totu\u0219i stabile\u0219te \u00een mod expres cerin\u021be privind utilizarea \u00een condi\u021bii de siguran\u021b\u0103 a macaralelor de pod \u0219i a macaralelor pe platform\u0103, aplicate \u00eempreun\u0103 cu standardul ISO 12480-1.<\/p><h2>Nu este suficient doar s\u0103 planifici \u2013 trebuie \u0219i s\u0103 verifici<\/h2><p>Siguran\u021ba macaralei nu se \u00eencheie odat\u0103 cu finalizarea procesului de fabrica\u021bie. Aceasta <a href=\"https:\/\/www.iso.org\/standard\/51102.html\">ISO 9927-1:2013<\/a> <em>(Macarale \u2013 Inspec\u021bii \u2013 Partea 1: Generalit\u0103\u021bi)<\/em> stabile\u0219te cerin\u021bele generale de inspec\u021bie pentru macarale.<\/p><p>Iar pentru o exploatare \u00een condi\u021bii de siguran\u021b\u0103 este necesar ca <a href=\"https:\/\/www.iso.org\/standard\/83637.html\">ISO 12480-1:2024<\/a> <em>(Macarale \u2013 Utilizare \u00een condi\u021bii de siguran\u021b\u0103 \u2013 Partea 1: Generalit\u0103\u021bi)<\/em> ofer\u0103 cadrul interna\u021bional. Standardul acoper\u0103 toate etapele, de la planificarea sarcinilor de lucru p\u00e2n\u0103 la alegerea, instalarea \u0219i exploatarea macaralei, precum \u0219i <a href=\"https:\/\/ecocranes.hu\/ro\/a-rendszeres-karbantartas-elonyei\/\">\u00eentre\u021binerea acestuia<\/a> prin intermediul operatorilor, <a href=\"https:\/\/ecocranes.hu\/ro\/az-emelestechnikaban-hasznalt-leggyakoribb-kotozoeszkozok\/\">leg\u0103turi<\/a> \u0219i se ocup\u0103 de sistemul de lucru \u00een condi\u021bii de siguran\u021b\u0103 p\u00e2n\u0103 la alegerea transmi\u021b\u0103toarelor.<\/p><h2>\u0218i ce \u00eenseamn\u0103 toate acestea \u00een Ungaria?<\/h2><p>\u00cen Ungaria, documentul juridic fundamental privind utilizarea macaralelor este <a href=\"https:\/\/net.jogtar.hu\/jogszabaly?docid=99900047.gm\">Ordonan\u021ba GM nr. 47\/1999 (4 august)<\/a>, care con\u021bine ca anex\u0103 <strong>Regulamentul de siguran\u021b\u0103 pentru utilajele de ridicare (EBSZ)<\/strong>. Nu este vorba de un standard, ci de un set de cerin\u021be legale obligatorii.<\/p><p>A <strong>Prin urmare, standardele \u0219i actele normative \u00eendeplinesc roluri diferite<\/strong>: legisla\u021bia stabile\u0219te cadrul juridic obligatoriu, \u00een timp ce regulamentele UE (de exemplu, Directiva 2006\/42\/CE privind echipamentele tehnice \u0219i Regulamentul (UE) 2023\/1230 privind echipamentele tehnice, care o \u00eenlocuie\u0219te (UE) 2023\/1230 privind echipamentele) \u0219i standardele tehnice ofer\u0103 instruc\u021biuni detaliate privind proiectarea, fabricarea \u0219i exploatarea.<\/p><h2>Sistemul de siguran\u021b\u0103 propriu-zis al macaralei<\/h2><p>Prin urmare, \u00een spatele unei macarale sigure nu st\u0103 un singur standard, ci un ansamblu de standarde, reglement\u0103ri, calcule inginere\u0219ti, teste \u0219i personal calificat corespunz\u0103tor.<\/p><p>Capacitatea de \u00eenc\u0103rcare a macaralei reprezint\u0103 doar o parte a pove\u0219tii. La fel de importante sunt clasa de \u00eenc\u0103rcare, structura constructiv\u0103, starea c\u00e2rligului \u0219i a cablului, dispozitivele de siguran\u021b\u0103, verific\u0103rile \u0219i modul de exploatare. \u00cen cele din urm\u0103, toate standardele privind macaralele au acela\u0219i scop: \u00eenc\u0103rc\u0103turile de c\u00e2teva tone s\u0103 poat\u0103 fi deplasate, iar oamenii s\u0103 r\u0103m\u00e2n\u0103 \u00een siguran\u021b\u0103.<\/p><p>Compania noastr\u0103 proiecteaz\u0103 macaralele conform standardelor, le fabric\u0103 \u0219i le instaleaz\u0103 \u00een conformitate cu acestea. Contacta\u021bi-ne pentru a afla cum proiect\u0103m \u0219i fabric\u0103m macaraua pentru compania dumneavoastr\u0103. Eco-Cranes Kft. \u2013<strong> <a href=\"tel:+3627360823\">+36-27-360823<\/a> \u2013 <\/strong><strong><a href=\"mailto:info@ecocranes.hu\">info@ecocranes.hu<\/a><\/strong><\/p>\t\t\t\t\t\t\t\t<\/div>\n\t\t\t\t\t<\/div>\n\t\t\t\t<\/div>\n\t\t\t\t<\/div>","protected":false},"excerpt":{"rendered":"<p>O sarcin\u0103 de c\u00e2teva tone suspendat\u0103 \u00een aer nu iart\u0103 gre\u0219elile. Prin urmare, la proiectarea unei macarale nu este suficient s\u0103 se \u0219tie doar ce greutate trebuie s\u0103 ridice. Trebuie stabilit \u0219i c\u00e2t de des func\u021bioneaz\u0103, ce sarcini suport\u0103, cum este verificat\u0103, cum este exploatat\u0103; \u0219i ce se \u00eent\u00e2mpl\u0103 \u00een cazul \u00een care ceva nu func\u021bioneaz\u0103 corect. <\/p>","protected":false},"author":1,"featured_media":10801,"comment_status":"closed","ping_status":"closed","sticky":false,"template":"","format":"standard","meta":{"_acf_changed":false,"footnotes":""},"categories":[109,102],"tags":[115,116,234],"class_list":["post-11202","post","type-post","status-publish","format-standard","has-post-thumbnail","hentry","category-daru","category-hirek-cikkek","tag-daru","tag-msz-9721-2-81-szabvany","tag-szabvany","has-thumb"],"acf":[],"yoast_head":"<!-- This site is optimized with the Yoast SEO Premium plugin v26.2 (Yoast SEO v26.6) - https:\/\/yoast.com\/wordpress\/plugins\/seo\/ -->\n<title>Daruszabv\u00e1nyok Magyarorsz\u00e1gon \u00e9s a vil\u00e1gban - Eco-Cranes<\/title>\n<meta name=\"description\" content=\"A daruszabv\u00e1nyok hat\u00e1rozz\u00e1k meg, hogy egy daru milyen gyakran dolgozhat, milyen terhel\u00e9st kaphat, hogyan kell ellen\u0151rzni, \u00fczemeltetni.\" \/>\n<meta name=\"robots\" content=\"index, follow, max-snippet:-1, max-image-preview:large, max-video-preview:-1\" \/>\n<link rel=\"canonical\" href=\"https:\/\/ecocranes.hu\/ro\/daruszabvanyok-magyarorszagon-es-a-vilagban\/\" \/>\n<meta property=\"og:locale\" content=\"ro_RO\" \/>\n<meta property=\"og:type\" content=\"article\" \/>\n<meta property=\"og:title\" content=\"Daruszabv\u00e1nyok Magyarorsz\u00e1gon \u00e9s a vil\u00e1gban\" \/>\n<meta property=\"og:description\" content=\"A daruszabv\u00e1nyok hat\u00e1rozz\u00e1k meg, hogy egy daru milyen gyakran dolgozhat, milyen terhel\u00e9st kaphat, hogyan kell ellen\u0151rzni, \u00fczemeltetni.\" \/>\n<meta property=\"og:url\" content=\"https:\/\/ecocranes.hu\/ro\/daruszabvanyok-magyarorszagon-es-a-vilagban\/\" \/>\n<meta property=\"og:site_name\" content=\"Eco-Cranes\" \/>\n<meta property=\"article:publisher\" content=\"https:\/\/www.facebook.com\/ecocranes\" \/>\n<meta property=\"article:published_time\" content=\"2026-08-30T17:54:38+00:00\" \/>\n<meta property=\"article:modified_time\" content=\"2026-08-30T19:02:53+00:00\" \/>\n<meta property=\"og:image\" content=\"https:\/\/ecocranes.hu\/wp-content\/uploads\/2025\/10\/1daru-scaled.jpg\" \/>\n\t<meta property=\"og:image:width\" content=\"2560\" \/>\n\t<meta property=\"og:image:height\" content=\"2233\" \/>\n\t<meta property=\"og:image:type\" content=\"image\/jpeg\" \/>\n<meta name=\"author\" content=\"eco.-admin\" \/>\n<meta name=\"twitter:card\" content=\"summary_large_image\" \/>\n<meta name=\"twitter:label1\" content=\"Scris de\" \/>\n\t<meta name=\"twitter:data1\" content=\"eco.-admin\" \/>\n\t<meta name=\"twitter:label2\" content=\"Timp estimat pentru citire\" \/>\n\t<meta name=\"twitter:data2\" content=\"4 minute\" \/>\n<script type=\"application\/ld+json\" class=\"yoast-schema-graph\">{\"@context\":\"https:\/\/schema.org\",\"@graph\":[{\"@type\":\"Article\",\"@id\":\"https:\/\/ecocranes.hu\/daruszabvanyok-magyarorszagon-es-a-vilagban\/#article\",\"isPartOf\":{\"@id\":\"https:\/\/ecocranes.hu\/daruszabvanyok-magyarorszagon-es-a-vilagban\/\"},\"author\":{\"name\":\"eco.-admin\",\"@id\":\"https:\/\/ecocranes.hu\/#\/schema\/person\/313efb4c05acc39796b4c6dbd501f01d\"},\"headline\":\"Daruszabv\u00e1nyok Magyarorsz\u00e1gon \u00e9s a vil\u00e1gban\",\"datePublished\":\"2026-08-30T17:54:38+00:00\",\"dateModified\":\"2026-08-30T19:02:53+00:00\",\"mainEntityOfPage\":{\"@id\":\"https:\/\/ecocranes.hu\/daruszabvanyok-magyarorszagon-es-a-vilagban\/\"},\"wordCount\":785,\"publisher\":{\"@id\":\"https:\/\/ecocranes.hu\/#organization\"},\"image\":{\"@id\":\"https:\/\/ecocranes.hu\/daruszabvanyok-magyarorszagon-es-a-vilagban\/#primaryimage\"},\"thumbnailUrl\":\"https:\/\/ecocranes.hu\/wp-content\/uploads\/2025\/10\/1daru-scaled.jpg\",\"keywords\":[\"daru\",\"MSZ 9721\/2-81 szabv\u00e1ny\",\"szabv\u00e1ny\"],\"articleSection\":[\"Daru\",\"H\u00edrek, cikkek\"],\"inLanguage\":\"ro-RO\"},{\"@type\":\"WebPage\",\"@id\":\"https:\/\/ecocranes.hu\/daruszabvanyok-magyarorszagon-es-a-vilagban\/\",\"url\":\"https:\/\/ecocranes.hu\/daruszabvanyok-magyarorszagon-es-a-vilagban\/\",\"name\":\"Daruszabv\u00e1nyok Magyarorsz\u00e1gon \u00e9s a vil\u00e1gban - Eco-Cranes\",\"isPartOf\":{\"@id\":\"https:\/\/ecocranes.hu\/#website\"},\"primaryImageOfPage\":{\"@id\":\"https:\/\/ecocranes.hu\/daruszabvanyok-magyarorszagon-es-a-vilagban\/#primaryimage\"},\"image\":{\"@id\":\"https:\/\/ecocranes.hu\/daruszabvanyok-magyarorszagon-es-a-vilagban\/#primaryimage\"},\"thumbnailUrl\":\"https:\/\/ecocranes.hu\/wp-content\/uploads\/2025\/10\/1daru-scaled.jpg\",\"datePublished\":\"2026-08-30T17:54:38+00:00\",\"dateModified\":\"2026-08-30T19:02:53+00:00\",\"description\":\"A daruszabv\u00e1nyok hat\u00e1rozz\u00e1k meg, hogy egy daru milyen gyakran dolgozhat, milyen terhel\u00e9st kaphat, hogyan kell ellen\u0151rzni, \u00fczemeltetni.\",\"breadcrumb\":{\"@id\":\"https:\/\/ecocranes.hu\/daruszabvanyok-magyarorszagon-es-a-vilagban\/#breadcrumb\"},\"inLanguage\":\"ro-RO\",\"potentialAction\":[{\"@type\":\"ReadAction\",\"target\":[\"https:\/\/ecocranes.hu\/daruszabvanyok-magyarorszagon-es-a-vilagban\/\"]}],\"speakable\":{\"@type\":\"SpeakableSpecification\",\"cssSelector\":[\"h1\",\".elementor-widget-text-editor\"]}},{\"@type\":\"ImageObject\",\"inLanguage\":\"ro-RO\",\"@id\":\"https:\/\/ecocranes.hu\/daruszabvanyok-magyarorszagon-es-a-vilagban\/#primaryimage\",\"url\":\"https:\/\/ecocranes.hu\/wp-content\/uploads\/2025\/10\/1daru-scaled.jpg\",\"contentUrl\":\"https:\/\/ecocranes.hu\/wp-content\/uploads\/2025\/10\/1daru-scaled.jpg\",\"width\":2560,\"height\":2233,\"caption\":\"Eco-Cranes \u00e1ltal gy\u00e1rtott daru\"},{\"@type\":\"BreadcrumbList\",\"@id\":\"https:\/\/ecocranes.hu\/daruszabvanyok-magyarorszagon-es-a-vilagban\/#breadcrumb\",\"itemListElement\":[{\"@type\":\"ListItem\",\"position\":1,\"name\":\"Home\",\"item\":\"https:\/\/ecocranes.hu\/en\/\"},{\"@type\":\"ListItem\",\"position\":2,\"name\":\"Daruszabv\u00e1nyok Magyarorsz\u00e1gon \u00e9s a vil\u00e1gban\"}]},{\"@type\":\"WebSite\",\"@id\":\"https:\/\/ecocranes.hu\/#website\",\"url\":\"https:\/\/ecocranes.hu\/\",\"name\":\"Eco-Cranes\",\"description\":\"Daruk \u00e9s emel\u0151g\u00e9pek\",\"publisher\":{\"@id\":\"https:\/\/ecocranes.hu\/#organization\"},\"potentialAction\":[{\"@type\":\"SearchAction\",\"target\":{\"@type\":\"EntryPoint\",\"urlTemplate\":\"https:\/\/ecocranes.hu\/?s={search_term_string}\"},\"query-input\":{\"@type\":\"PropertyValueSpecification\",\"valueRequired\":true,\"valueName\":\"search_term_string\"}}],\"inLanguage\":\"ro-RO\"},{\"@type\":\"Organization\",\"@id\":\"https:\/\/ecocranes.hu\/#organization\",\"name\":\"Eco-Cranes\",\"url\":\"https:\/\/ecocranes.hu\/\",\"logo\":{\"@type\":\"ImageObject\",\"inLanguage\":\"ro-RO\",\"@id\":\"https:\/\/ecocranes.hu\/#\/schema\/logo\/image\/\",\"url\":\"https:\/\/ecocranes.hu\/wp-content\/uploads\/2025\/09\/eco-cranes-logo.png\",\"contentUrl\":\"https:\/\/ecocranes.hu\/wp-content\/uploads\/2025\/09\/eco-cranes-logo.png\",\"width\":180,\"height\":18,\"caption\":\"Eco-Cranes\"},\"image\":{\"@id\":\"https:\/\/ecocranes.hu\/#\/schema\/logo\/image\/\"},\"sameAs\":[\"https:\/\/www.facebook.com\/ecocranes\"],\"address\":{\"@type\":\"PostalAddress\",\"streetAddress\":\"Ybl Mikl\u00f3s utca 42.\",\"addressLocality\":\"F\u00f3t\",\"postalCode\":\"2151\",\"addressCountry\":\"HU\"},\"geo\":{\"@type\":\"GeoCoordinates\",\"latitude\":47.61583300000000207319317269138991832733154296875,\"longitude\":19.181837000000001580701791681349277496337890625},\"openingHoursSpecification\":[{\"@type\":\"OpeningHoursSpecification\",\"dayOfWeek\":[\"Monday\",\"Tuesday\",\"Wednesday\",\"Thursday\",\"Friday\"],\"opens\":\"08:00\",\"closes\":\"17:00\"}],\"description\":\"Daruk, h\u00edddaruk, forg\u00f3daruk \u00e9s hidraulikus emel\u0151asztalok tervez\u00e9se, gy\u00e1rt\u00e1sa, telep\u00edt\u00e9se, szervize \u00e9s id\u0151szakos vizsg\u00e1lata.\",\"email\":\"info@ecocranes.hu\",\"telephone\":\"+36 27 360823\",\"legalName\":\"ECO-CRANES HUNGARY Daruk \u00e9s Emel\u0151g\u00e9pek Korl\u00e1tolt Felel\u0151ss\u00e9g\u0171 T\u00e1rsas\u00e1g\",\"vatID\":\"11912606-2-13\"},{\"@type\":\"Person\",\"@id\":\"https:\/\/ecocranes.hu\/#\/schema\/person\/313efb4c05acc39796b4c6dbd501f01d\",\"name\":\"eco.-admin\",\"image\":{\"@type\":\"ImageObject\",\"inLanguage\":\"ro-RO\",\"@id\":\"https:\/\/ecocranes.hu\/#\/schema\/person\/image\/\",\"url\":\"https:\/\/secure.gravatar.com\/avatar\/6f17916a31d634303d44a76de03b51e7eb11a9cfeaf3cefb8caf9b7d770eac89?s=96&d=mm&r=g\",\"contentUrl\":\"https:\/\/secure.gravatar.com\/avatar\/6f17916a31d634303d44a76de03b51e7eb11a9cfeaf3cefb8caf9b7d770eac89?s=96&d=mm&r=g\",\"caption\":\"eco.-admin\"},\"sameAs\":[\"https:\/\/ecocranes.hu\"],\"url\":\"https:\/\/ecocranes.hu\/ro\/author\/eco-admin\/\"}]}<\/script>\n<!-- \/ Yoast SEO Premium plugin. -->","yoast_head_json":{"title":"Daruszabv\u00e1nyok Magyarorsz\u00e1gon \u00e9s a vil\u00e1gban - Eco-Cranes","description":"A daruszabv\u00e1nyok hat\u00e1rozz\u00e1k meg, hogy egy daru milyen gyakran dolgozhat, milyen terhel\u00e9st kaphat, hogyan kell ellen\u0151rzni, \u00fczemeltetni.","robots":{"index":"index","follow":"follow","max-snippet":"max-snippet:-1","max-image-preview":"max-image-preview:large","max-video-preview":"max-video-preview:-1"},"canonical":"https:\/\/ecocranes.hu\/ro\/daruszabvanyok-magyarorszagon-es-a-vilagban\/","og_locale":"ro_RO","og_type":"article","og_title":"Daruszabv\u00e1nyok Magyarorsz\u00e1gon \u00e9s a vil\u00e1gban","og_description":"A daruszabv\u00e1nyok hat\u00e1rozz\u00e1k meg, hogy egy daru milyen gyakran dolgozhat, milyen terhel\u00e9st kaphat, hogyan kell ellen\u0151rzni, \u00fczemeltetni.","og_url":"https:\/\/ecocranes.hu\/ro\/daruszabvanyok-magyarorszagon-es-a-vilagban\/","og_site_name":"Eco-Cranes","article_publisher":"https:\/\/www.facebook.com\/ecocranes","article_published_time":"2026-08-30T17:54:38+00:00","article_modified_time":"2026-08-30T19:02:53+00:00","og_image":[{"width":2560,"height":2233,"url":"https:\/\/ecocranes.hu\/wp-content\/uploads\/2025\/10\/1daru-scaled.jpg","type":"image\/jpeg"}],"author":"eco.-admin","twitter_card":"summary_large_image","twitter_misc":{"Scris de":"eco.-admin","Timp estimat pentru citire":"4 minute"},"schema":{"@context":"https:\/\/schema.org","@graph":[{"@type":"Article","@id":"https:\/\/ecocranes.hu\/daruszabvanyok-magyarorszagon-es-a-vilagban\/#article","isPartOf":{"@id":"https:\/\/ecocranes.hu\/daruszabvanyok-magyarorszagon-es-a-vilagban\/"},"author":{"name":"eco.-admin","@id":"https:\/\/ecocranes.hu\/#\/schema\/person\/313efb4c05acc39796b4c6dbd501f01d"},"headline":"Daruszabv\u00e1nyok Magyarorsz\u00e1gon \u00e9s a vil\u00e1gban","datePublished":"2026-08-30T17:54:38+00:00","dateModified":"2026-08-30T19:02:53+00:00","mainEntityOfPage":{"@id":"https:\/\/ecocranes.hu\/daruszabvanyok-magyarorszagon-es-a-vilagban\/"},"wordCount":785,"publisher":{"@id":"https:\/\/ecocranes.hu\/#organization"},"image":{"@id":"https:\/\/ecocranes.hu\/daruszabvanyok-magyarorszagon-es-a-vilagban\/#primaryimage"},"thumbnailUrl":"https:\/\/ecocranes.hu\/wp-content\/uploads\/2025\/10\/1daru-scaled.jpg","keywords":["daru","MSZ 9721\/2-81 szabv\u00e1ny","szabv\u00e1ny"],"articleSection":["Daru","H\u00edrek, cikkek"],"inLanguage":"ro-RO"},{"@type":"WebPage","@id":"https:\/\/ecocranes.hu\/daruszabvanyok-magyarorszagon-es-a-vilagban\/","url":"https:\/\/ecocranes.hu\/daruszabvanyok-magyarorszagon-es-a-vilagban\/","name":"Daruszabv\u00e1nyok Magyarorsz\u00e1gon \u00e9s a vil\u00e1gban - Eco-Cranes","isPartOf":{"@id":"https:\/\/ecocranes.hu\/#website"},"primaryImageOfPage":{"@id":"https:\/\/ecocranes.hu\/daruszabvanyok-magyarorszagon-es-a-vilagban\/#primaryimage"},"image":{"@id":"https:\/\/ecocranes.hu\/daruszabvanyok-magyarorszagon-es-a-vilagban\/#primaryimage"},"thumbnailUrl":"https:\/\/ecocranes.hu\/wp-content\/uploads\/2025\/10\/1daru-scaled.jpg","datePublished":"2026-08-30T17:54:38+00:00","dateModified":"2026-08-30T19:02:53+00:00","description":"A daruszabv\u00e1nyok hat\u00e1rozz\u00e1k meg, hogy egy daru milyen gyakran dolgozhat, milyen terhel\u00e9st kaphat, hogyan kell ellen\u0151rzni, \u00fczemeltetni.","breadcrumb":{"@id":"https:\/\/ecocranes.hu\/daruszabvanyok-magyarorszagon-es-a-vilagban\/#breadcrumb"},"inLanguage":"ro-RO","potentialAction":[{"@type":"ReadAction","target":["https:\/\/ecocranes.hu\/daruszabvanyok-magyarorszagon-es-a-vilagban\/"]}],"speakable":{"@type":"SpeakableSpecification","cssSelector":["h1",".elementor-widget-text-editor"]}},{"@type":"ImageObject","inLanguage":"ro-RO","@id":"https:\/\/ecocranes.hu\/daruszabvanyok-magyarorszagon-es-a-vilagban\/#primaryimage","url":"https:\/\/ecocranes.hu\/wp-content\/uploads\/2025\/10\/1daru-scaled.jpg","contentUrl":"https:\/\/ecocranes.hu\/wp-content\/uploads\/2025\/10\/1daru-scaled.jpg","width":2560,"height":2233,"caption":"Eco-Cranes \u00e1ltal gy\u00e1rtott daru"},{"@type":"BreadcrumbList","@id":"https:\/\/ecocranes.hu\/daruszabvanyok-magyarorszagon-es-a-vilagban\/#breadcrumb","itemListElement":[{"@type":"ListItem","position":1,"name":"Home","item":"https:\/\/ecocranes.hu\/en\/"},{"@type":"ListItem","position":2,"name":"Daruszabv\u00e1nyok Magyarorsz\u00e1gon \u00e9s a vil\u00e1gban"}]},{"@type":"WebSite","@id":"https:\/\/ecocranes.hu\/#website","url":"https:\/\/ecocranes.hu\/","name":"Eco-Cranes","description":"Macarale \u0219i utilaje de ridicare","publisher":{"@id":"https:\/\/ecocranes.hu\/#organization"},"potentialAction":[{"@type":"SearchAction","target":{"@type":"EntryPoint","urlTemplate":"https:\/\/ecocranes.hu\/?s={search_term_string}"},"query-input":{"@type":"PropertyValueSpecification","valueRequired":true,"valueName":"search_term_string"}}],"inLanguage":"ro-RO"},{"@type":"Organization","@id":"https:\/\/ecocranes.hu\/#organization","name":"Eco-Cranes","url":"https:\/\/ecocranes.hu\/","logo":{"@type":"ImageObject","inLanguage":"ro-RO","@id":"https:\/\/ecocranes.hu\/#\/schema\/logo\/image\/","url":"https:\/\/ecocranes.hu\/wp-content\/uploads\/2025\/09\/eco-cranes-logo.png","contentUrl":"https:\/\/ecocranes.hu\/wp-content\/uploads\/2025\/09\/eco-cranes-logo.png","width":180,"height":18,"caption":"Eco-Cranes"},"image":{"@id":"https:\/\/ecocranes.hu\/#\/schema\/logo\/image\/"},"sameAs":["https:\/\/www.facebook.com\/ecocranes"],"address":{"@type":"PostalAddress","streetAddress":"Ybl Mikl\u00f3s utca 42.","addressLocality":"F\u00f3t","postalCode":"2151","addressCountry":"HU"},"geo":{"@type":"GeoCoordinates","latitude":47.61583300000000207319317269138991832733154296875,"longitude":19.181837000000001580701791681349277496337890625},"openingHoursSpecification":[{"@type":"OpeningHoursSpecification","dayOfWeek":["Monday","Tuesday","Wednesday","Thursday","Friday"],"opens":"08:00","closes":"17:00"}],"description":"Daruk, h\u00edddaruk, forg\u00f3daruk \u00e9s hidraulikus emel\u0151asztalok tervez\u00e9se, gy\u00e1rt\u00e1sa, telep\u00edt\u00e9se, szervize \u00e9s id\u0151szakos vizsg\u00e1lata.","email":"info@ecocranes.hu","telephone":"+36 27 360823","legalName":"ECO-CRANES HUNGARY Daruk \u00e9s Emel\u0151g\u00e9pek Korl\u00e1tolt Felel\u0151ss\u00e9g\u0171 T\u00e1rsas\u00e1g","vatID":"11912606-2-13"},{"@type":"Person","@id":"https:\/\/ecocranes.hu\/#\/schema\/person\/313efb4c05acc39796b4c6dbd501f01d","name":"eco.-admin","image":{"@type":"ImageObject","inLanguage":"ro-RO","@id":"https:\/\/ecocranes.hu\/#\/schema\/person\/image\/","url":"https:\/\/secure.gravatar.com\/avatar\/6f17916a31d634303d44a76de03b51e7eb11a9cfeaf3cefb8caf9b7d770eac89?s=96&d=mm&r=g","contentUrl":"https:\/\/secure.gravatar.com\/avatar\/6f17916a31d634303d44a76de03b51e7eb11a9cfeaf3cefb8caf9b7d770eac89?s=96&d=mm&r=g","caption":"eco.-admin"},"sameAs":["https:\/\/ecocranes.hu"],"url":"https:\/\/ecocranes.hu\/ro\/author\/eco-admin\/"}]}},"_links":{"self":[{"href":"https:\/\/ecocranes.hu\/ro\/wp-json\/wp\/v2\/posts\/11202","targetHints":{"allow":["GET"]}}],"collection":[{"href":"https:\/\/ecocranes.hu\/ro\/wp-json\/wp\/v2\/posts"}],"about":[{"href":"https:\/\/ecocranes.hu\/ro\/wp-json\/wp\/v2\/types\/post"}],"author":[{"embeddable":true,"href":"https:\/\/ecocranes.hu\/ro\/wp-json\/wp\/v2\/users\/1"}],"replies":[{"embeddable":true,"href":"https:\/\/ecocranes.hu\/ro\/wp-json\/wp\/v2\/comments?post=11202"}],"version-history":[{"count":7,"href":"https:\/\/ecocranes.hu\/ro\/wp-json\/wp\/v2\/posts\/11202\/revisions"}],"predecessor-version":[{"id":11210,"href":"https:\/\/ecocranes.hu\/ro\/wp-json\/wp\/v2\/posts\/11202\/revisions\/11210"}],"wp:featuredmedia":[{"embeddable":true,"href":"https:\/\/ecocranes.hu\/ro\/wp-json\/wp\/v2\/media\/10801"}],"wp:attachment":[{"href":"https:\/\/ecocranes.hu\/ro\/wp-json\/wp\/v2\/media?parent=11202"}],"wp:term":[{"taxonomy":"category","embeddable":true,"href":"https:\/\/ecocranes.hu\/ro\/wp-json\/wp\/v2\/categories?post=11202"},{"taxonomy":"post_tag","embeddable":true,"href":"https:\/\/ecocranes.hu\/ro\/wp-json\/wp\/v2\/tags?post=11202"}],"curies":[{"name":"wp","href":"https:\/\/api.w.org\/{rel}","templated":true}]}}