{"id":7266,"date":"2025-08-03T14:12:17","date_gmt":"2025-08-03T12:12:17","guid":{"rendered":"https:\/\/ecocranes.hu\/teherliftek-felhasznalasi-teruletei-es-elonyei\/"},"modified":"2025-10-13T16:42:50","modified_gmt":"2025-10-13T14:42:50","slug":"teherliftek-felhasznalasi-teruletei-es-elonyei","status":"publish","type":"post","link":"https:\/\/ecocranes.hu\/en\/teherliftek-felhasznalasi-teruletei-es-elonyei\/","title":{"rendered":"Areas of application and advantages of goods lifts"},"content":{"rendered":"<p><strong>Material handling and logistics operations can be significantly facilitated and accelerated by the use of forklifts and pallet trucks in many industrial sectors. In this post, we will show you in which installations these structures should be installed and the advantages of using them.<\/strong><\/p>\n<p>Shaftless freight elevators or freight lifts are very easy to customise to the specific needs of the workspace and workflow, and can be manufactured and installed in a short time after proper assessment. <strong>A properly designed freight elevator can greatly increase efficiency and safety.<\/strong> Let's look at where these tools can be used most effectively and what benefits they offer.<\/p>\n<h2><strong>Areas of application<\/strong><\/h2>\n<p>Available with multiple drive options, lifting heights up to 6 metres and load capacities up to 10 tonnes, the shaftless <strong>freight elevators are successfully used in both industrial and commercial installations<\/strong>:<\/p>\n<ul>\n<li><em>Manufacturing plants:<\/em> freight elevators can be used to speed up the transport of production materials between workstations and storage areas. Downtime can be reduced and production processes optimised.<\/li>\n<li><em>Warehouses and distribution centres:<\/em> it becomes possible to carry heavy objects, <a href=\"https:\/\/ecocranes.hu\/en\/raklapokkal-konnyebb-az-anyagmozgatas\/\">pallets<\/a>, to transport boxes quickly and safely between floors, improving the productivity of these units.<\/li>\n<li><em>Retail shops and shopping centres: <\/em>forklifts between the warehouse and the sales floor help to move goods quickly and in bulk by minimising the need for manpower.<\/li>\n<\/ul>\n<h2><strong>Advantages of freight lifts<\/strong><\/h2>\n<p>Installing a freight lift can bring many benefits to businesses. <strong>It increases the speed, efficiency and productivity of material handling workflows, while reducing downtime in production units.<\/strong> As the movement of goods between floors is simplified, it is possible to optimise the logistical processes within the building and between workstations.<\/p>\n<blockquote>\n<p>Thanks to the safety features installed in the lifts, handling and transporting heavy goods will be less accident-prone.<\/p>\n<\/blockquote>\n<p>Not only do workers have to spend less time on transport, but they can move heavy and bulky objects between floors of buildings more easily, quickly and with less physical effort, allowing them to <strong>further reduce the likelihood of dangerous situations occurring<\/strong>.<\/p>\n<h2><strong>Enclosed load lifts from Eco Cranes<\/strong><\/h2>\n<p>Eco Cranes is already a big <a href=\"https:\/\/ecocranes.hu\/en\/ujabb-elegedett-ugyfel-teheremelo-tervezes-es-telepites\/\">has experience<\/a> in the design of goods lifts, goods hoists and goods lifts, <a href=\"https:\/\/ecocranes.hu\/en\/teherfelvonok-teherliftek-kialakitasanak-gyakorlata\/\">in the manufacture and installation of<\/a> and commissioning, with many successful projects behind us.<\/p>\n<p>We also provide full support for existing structures, as our team also carries out periodic safety inspections and maintenance work.<\/p>\n<p>If you are planning to install a hoist or lift with professional and fast execution, you can <a href=\"https:\/\/ecocranes.hu\/en\/kapcsolat\/\">search<\/a> us!<\/p>","protected":false},"excerpt":{"rendered":"<p>A teheremel\u0151k \u00e9s teherliftek sz\u00e1mos ipari ter\u00fcleten alkalmazhat\u00f3ak, mivel jelent\u0151sen k\u00f6nnyebb\u00e9 teszik \u00e9s felgyors\u00edtj\u00e1k az anyagmozgat\u00e1si folyamatokat \u00e9s a logisztikai m\u0171veleteket. Bejegyz\u00e9s\u00fcnkben azt mutatjuk be, hogy milyen l\u00e9tes\u00edtm\u00e9nyekben \u00e9rdemes telep\u00edteni ezeket a szerkezeteket \u00e9s milyen el\u0151ny\u00f6kkel j\u00e1r a haszn\u00e1latuk. Az akna n\u00e9lk\u00fcli teherfelvon\u00f3k vagy teherliftek nagyon k\u00f6nnyen testre szabhat\u00f3ak a munkater\u00fclet \u00e9s a munkafolyamatok t\u00e1masztotta [&hellip;]<\/p>\n","protected":false},"author":1,"featured_media":7267,"comment_status":"open","ping_status":"open","sticky":false,"template":"","format":"standard","meta":{"_acf_changed":false,"footnotes":""},"categories":[102,114],"tags":[129,127],"class_list":["post-7266","post","type-post","status-publish","format-standard","has-post-thumbnail","hentry","category-hirek-cikkek","category-szolgaltatasaink","tag-emelestechnika","tag-teherlift","has-thumb"],"acf":[],"yoast_head":"<!-- This site is optimized with the Yoast SEO Premium plugin v26.2 (Yoast SEO v26.6) - https:\/\/yoast.com\/wordpress\/plugins\/seo\/ -->\n<title>Teherliftek felhaszn\u00e1l\u00e1si ter\u00fcletei \u00e9s el\u0151nyei - Eco-Cranes<\/title>\n<meta name=\"description\" content=\"A teheremel\u0151k \u00e9s teherliftek sz\u00e1mos ipari ter\u00fcleten alkalmazhat\u00f3ak, mivel jelent\u0151sen k\u00f6nnyebb\u00e9 teszik \u00e9s felgyors\u00edtj\u00e1k az anyagmozgat\u00e1si folyamatokat \u00e9s a\u2026\" \/>\n<meta name=\"robots\" content=\"index, follow, max-snippet:-1, max-image-preview:large, max-video-preview:-1\" \/>\n<link rel=\"canonical\" href=\"https:\/\/ecocranes.hu\/en\/teherliftek-felhasznalasi-teruletei-es-elonyei\/\" \/>\n<meta property=\"og:locale\" content=\"en_GB\" \/>\n<meta property=\"og:type\" content=\"article\" \/>\n<meta property=\"og:title\" content=\"Teherliftek felhaszn\u00e1l\u00e1si ter\u00fcletei \u00e9s el\u0151nyei\" \/>\n<meta property=\"og:description\" content=\"A teheremel\u0151k \u00e9s teherliftek sz\u00e1mos ipari ter\u00fcleten alkalmazhat\u00f3ak, mivel jelent\u0151sen k\u00f6nnyebb\u00e9 teszik \u00e9s felgyors\u00edtj\u00e1k az anyagmozgat\u00e1si folyamatokat \u00e9s a\u2026\" \/>\n<meta property=\"og:url\" content=\"https:\/\/ecocranes.hu\/en\/teherliftek-felhasznalasi-teruletei-es-elonyei\/\" \/>\n<meta property=\"og:site_name\" content=\"Eco-Cranes\" \/>\n<meta property=\"article:publisher\" content=\"https:\/\/www.facebook.com\/ecocranes\" \/>\n<meta property=\"article:published_time\" content=\"2025-08-03T12:12:17+00:00\" \/>\n<meta property=\"article:modified_time\" content=\"2025-10-13T14:42:50+00:00\" \/>\n<meta property=\"og:image\" content=\"https:\/\/ecocranes.hu\/wp-content\/uploads\/2025\/10\/ecocranes_korulkeritett_teru_teheremelo_20210525-9.jpg\" \/>\n\t<meta property=\"og:image:width\" content=\"800\" \/>\n\t<meta property=\"og:image:height\" content=\"1201\" \/>\n\t<meta property=\"og:image:type\" content=\"image\/jpeg\" \/>\n<meta name=\"author\" content=\"eco.-admin\" \/>\n<meta name=\"twitter:card\" content=\"summary_large_image\" \/>\n<meta name=\"twitter:label1\" content=\"Written by\" \/>\n\t<meta name=\"twitter:data1\" content=\"eco.-admin\" \/>\n\t<meta name=\"twitter:label2\" content=\"Estimated reading time\" \/>\n\t<meta name=\"twitter:data2\" content=\"3 minutes\" \/>\n<script type=\"application\/ld+json\" class=\"yoast-schema-graph\">{\"@context\":\"https:\/\/schema.org\",\"@graph\":[{\"@type\":\"Article\",\"@id\":\"https:\/\/ecocranes.hu\/teherliftek-felhasznalasi-teruletei-es-elonyei\/#article\",\"isPartOf\":{\"@id\":\"https:\/\/ecocranes.hu\/teherliftek-felhasznalasi-teruletei-es-elonyei\/\"},\"author\":{\"name\":\"eco.-admin\",\"@id\":\"https:\/\/ecocranes.hu\/#\/schema\/person\/313efb4c05acc39796b4c6dbd501f01d\"},\"headline\":\"Teherliftek felhaszn\u00e1l\u00e1si ter\u00fcletei \u00e9s el\u0151nyei\",\"datePublished\":\"2025-08-03T12:12:17+00:00\",\"dateModified\":\"2025-10-13T14:42:50+00:00\",\"mainEntityOfPage\":{\"@id\":\"https:\/\/ecocranes.hu\/teherliftek-felhasznalasi-teruletei-es-elonyei\/\"},\"wordCount\":635,\"commentCount\":0,\"publisher\":{\"@id\":\"https:\/\/ecocranes.hu\/#organization\"},\"image\":{\"@id\":\"https:\/\/ecocranes.hu\/teherliftek-felhasznalasi-teruletei-es-elonyei\/#primaryimage\"},\"thumbnailUrl\":\"https:\/\/ecocranes.hu\/wp-content\/uploads\/2025\/10\/ecocranes_korulkeritett_teru_teheremelo_20210525-9.jpg\",\"keywords\":[\"emel\u00e9stechnika\",\"teherlift\"],\"articleSection\":[\"H\u00edrek, cikkek\",\"Szolg\u00e1ltat\u00e1saink\"],\"inLanguage\":\"en-GB\",\"potentialAction\":[{\"@type\":\"CommentAction\",\"name\":\"Comment\",\"target\":[\"https:\/\/ecocranes.hu\/teherliftek-felhasznalasi-teruletei-es-elonyei\/#respond\"]}]},{\"@type\":\"WebPage\",\"@id\":\"https:\/\/ecocranes.hu\/teherliftek-felhasznalasi-teruletei-es-elonyei\/\",\"url\":\"https:\/\/ecocranes.hu\/teherliftek-felhasznalasi-teruletei-es-elonyei\/\",\"name\":\"Teherliftek felhaszn\u00e1l\u00e1si ter\u00fcletei \u00e9s el\u0151nyei - Eco-Cranes\",\"isPartOf\":{\"@id\":\"https:\/\/ecocranes.hu\/#website\"},\"primaryImageOfPage\":{\"@id\":\"https:\/\/ecocranes.hu\/teherliftek-felhasznalasi-teruletei-es-elonyei\/#primaryimage\"},\"image\":{\"@id\":\"https:\/\/ecocranes.hu\/teherliftek-felhasznalasi-teruletei-es-elonyei\/#primaryimage\"},\"thumbnailUrl\":\"https:\/\/ecocranes.hu\/wp-content\/uploads\/2025\/10\/ecocranes_korulkeritett_teru_teheremelo_20210525-9.jpg\",\"datePublished\":\"2025-08-03T12:12:17+00:00\",\"dateModified\":\"2025-10-13T14:42:50+00:00\",\"description\":\"A teheremel\u0151k \u00e9s teherliftek sz\u00e1mos ipari ter\u00fcleten alkalmazhat\u00f3ak, mivel jelent\u0151sen k\u00f6nnyebb\u00e9 teszik \u00e9s felgyors\u00edtj\u00e1k az anyagmozgat\u00e1si folyamatokat \u00e9s a\u2026\",\"breadcrumb\":{\"@id\":\"https:\/\/ecocranes.hu\/teherliftek-felhasznalasi-teruletei-es-elonyei\/#breadcrumb\"},\"inLanguage\":\"en-GB\",\"potentialAction\":[{\"@type\":\"ReadAction\",\"target\":[\"https:\/\/ecocranes.hu\/teherliftek-felhasznalasi-teruletei-es-elonyei\/\"]}],\"speakable\":{\"@type\":\"SpeakableSpecification\",\"cssSelector\":[\"h1\",\".elementor-widget-text-editor\"]}},{\"@type\":\"ImageObject\",\"inLanguage\":\"en-GB\",\"@id\":\"https:\/\/ecocranes.hu\/teherliftek-felhasznalasi-teruletei-es-elonyei\/#primaryimage\",\"url\":\"https:\/\/ecocranes.hu\/wp-content\/uploads\/2025\/10\/ecocranes_korulkeritett_teru_teheremelo_20210525-9.jpg\",\"contentUrl\":\"https:\/\/ecocranes.hu\/wp-content\/uploads\/2025\/10\/ecocranes_korulkeritett_teru_teheremelo_20210525-9.jpg\",\"width\":800,\"height\":1201,\"caption\":\"Eco-Cranes p\u00f3diumtervez\u00e9s \u00e9s gy\u00e1rt\u00e1s \u2013 ecocranes korulkeritett teru teheremelo 20210525 9\"},{\"@type\":\"BreadcrumbList\",\"@id\":\"https:\/\/ecocranes.hu\/teherliftek-felhasznalasi-teruletei-es-elonyei\/#breadcrumb\",\"itemListElement\":[{\"@type\":\"ListItem\",\"position\":1,\"name\":\"Home\",\"item\":\"https:\/\/ecocranes.hu\/en\/\"},{\"@type\":\"ListItem\",\"position\":2,\"name\":\"Teherliftek felhaszn\u00e1l\u00e1si ter\u00fcletei \u00e9s el\u0151nyei\"}]},{\"@type\":\"WebSite\",\"@id\":\"https:\/\/ecocranes.hu\/#website\",\"url\":\"https:\/\/ecocranes.hu\/\",\"name\":\"Eco-Cranes\",\"description\":\"Daruk \u00e9s emel\u0151g\u00e9pek\",\"publisher\":{\"@id\":\"https:\/\/ecocranes.hu\/#organization\"},\"potentialAction\":[{\"@type\":\"SearchAction\",\"target\":{\"@type\":\"EntryPoint\",\"urlTemplate\":\"https:\/\/ecocranes.hu\/?s={search_term_string}\"},\"query-input\":{\"@type\":\"PropertyValueSpecification\",\"valueRequired\":true,\"valueName\":\"search_term_string\"}}],\"inLanguage\":\"en-GB\"},{\"@type\":\"Organization\",\"@id\":\"https:\/\/ecocranes.hu\/#organization\",\"name\":\"Eco-Cranes\",\"url\":\"https:\/\/ecocranes.hu\/\",\"logo\":{\"@type\":\"ImageObject\",\"inLanguage\":\"en-GB\",\"@id\":\"https:\/\/ecocranes.hu\/#\/schema\/logo\/image\/\",\"url\":\"https:\/\/ecocranes.hu\/wp-content\/uploads\/2025\/09\/eco-cranes-logo.png\",\"contentUrl\":\"https:\/\/ecocranes.hu\/wp-content\/uploads\/2025\/09\/eco-cranes-logo.png\",\"width\":180,\"height\":18,\"caption\":\"Eco-Cranes\"},\"image\":{\"@id\":\"https:\/\/ecocranes.hu\/#\/schema\/logo\/image\/\"},\"sameAs\":[\"https:\/\/www.facebook.com\/ecocranes\"],\"address\":{\"@type\":\"PostalAddress\",\"streetAddress\":\"Ybl Mikl\u00f3s utca 42.\",\"addressLocality\":\"F\u00f3t\",\"postalCode\":\"2151\",\"addressCountry\":\"HU\"},\"geo\":{\"@type\":\"GeoCoordinates\",\"latitude\":47.61583300000000207319317269138991832733154296875,\"longitude\":19.181837000000001580701791681349277496337890625},\"openingHoursSpecification\":[{\"@type\":\"OpeningHoursSpecification\",\"dayOfWeek\":[\"Monday\",\"Tuesday\",\"Wednesday\",\"Thursday\",\"Friday\"],\"opens\":\"08:00\",\"closes\":\"17:00\"}],\"description\":\"Daruk, h\u00edddaruk, forg\u00f3daruk \u00e9s hidraulikus emel\u0151asztalok tervez\u00e9se, gy\u00e1rt\u00e1sa, telep\u00edt\u00e9se, szervize \u00e9s id\u0151szakos vizsg\u00e1lata.\",\"email\":\"info@ecocranes.hu\",\"telephone\":\"+36 27 360823\",\"legalName\":\"ECO-CRANES HUNGARY Daruk \u00e9s Emel\u0151g\u00e9pek Korl\u00e1tolt Felel\u0151ss\u00e9g\u0171 T\u00e1rsas\u00e1g\",\"vatID\":\"11912606-2-13\"},{\"@type\":\"Person\",\"@id\":\"https:\/\/ecocranes.hu\/#\/schema\/person\/313efb4c05acc39796b4c6dbd501f01d\",\"name\":\"eco.-admin\",\"image\":{\"@type\":\"ImageObject\",\"inLanguage\":\"en-GB\",\"@id\":\"https:\/\/ecocranes.hu\/#\/schema\/person\/image\/\",\"url\":\"https:\/\/secure.gravatar.com\/avatar\/6f17916a31d634303d44a76de03b51e7eb11a9cfeaf3cefb8caf9b7d770eac89?s=96&d=mm&r=g\",\"contentUrl\":\"https:\/\/secure.gravatar.com\/avatar\/6f17916a31d634303d44a76de03b51e7eb11a9cfeaf3cefb8caf9b7d770eac89?s=96&d=mm&r=g\",\"caption\":\"eco.-admin\"},\"sameAs\":[\"https:\/\/ecocranes.hu\"],\"url\":\"https:\/\/ecocranes.hu\/en\/author\/eco-admin\/\"}]}<\/script>\n<!-- \/ Yoast SEO Premium plugin. -->","yoast_head_json":{"title":"Teherliftek felhaszn\u00e1l\u00e1si ter\u00fcletei \u00e9s el\u0151nyei - Eco-Cranes","description":"A teheremel\u0151k \u00e9s teherliftek sz\u00e1mos ipari ter\u00fcleten alkalmazhat\u00f3ak, mivel jelent\u0151sen k\u00f6nnyebb\u00e9 teszik \u00e9s felgyors\u00edtj\u00e1k az anyagmozgat\u00e1si folyamatokat \u00e9s a\u2026","robots":{"index":"index","follow":"follow","max-snippet":"max-snippet:-1","max-image-preview":"max-image-preview:large","max-video-preview":"max-video-preview:-1"},"canonical":"https:\/\/ecocranes.hu\/en\/teherliftek-felhasznalasi-teruletei-es-elonyei\/","og_locale":"en_GB","og_type":"article","og_title":"Teherliftek felhaszn\u00e1l\u00e1si ter\u00fcletei \u00e9s el\u0151nyei","og_description":"A teheremel\u0151k \u00e9s teherliftek sz\u00e1mos ipari ter\u00fcleten alkalmazhat\u00f3ak, mivel jelent\u0151sen k\u00f6nnyebb\u00e9 teszik \u00e9s felgyors\u00edtj\u00e1k az anyagmozgat\u00e1si folyamatokat \u00e9s a\u2026","og_url":"https:\/\/ecocranes.hu\/en\/teherliftek-felhasznalasi-teruletei-es-elonyei\/","og_site_name":"Eco-Cranes","article_publisher":"https:\/\/www.facebook.com\/ecocranes","article_published_time":"2025-08-03T12:12:17+00:00","article_modified_time":"2025-10-13T14:42:50+00:00","og_image":[{"width":800,"height":1201,"url":"https:\/\/ecocranes.hu\/wp-content\/uploads\/2025\/10\/ecocranes_korulkeritett_teru_teheremelo_20210525-9.jpg","type":"image\/jpeg"}],"author":"eco.-admin","twitter_card":"summary_large_image","twitter_misc":{"Written by":"eco.-admin","Estimated reading time":"3 minutes"},"schema":{"@context":"https:\/\/schema.org","@graph":[{"@type":"Article","@id":"https:\/\/ecocranes.hu\/teherliftek-felhasznalasi-teruletei-es-elonyei\/#article","isPartOf":{"@id":"https:\/\/ecocranes.hu\/teherliftek-felhasznalasi-teruletei-es-elonyei\/"},"author":{"name":"eco.-admin","@id":"https:\/\/ecocranes.hu\/#\/schema\/person\/313efb4c05acc39796b4c6dbd501f01d"},"headline":"Teherliftek felhaszn\u00e1l\u00e1si ter\u00fcletei \u00e9s el\u0151nyei","datePublished":"2025-08-03T12:12:17+00:00","dateModified":"2025-10-13T14:42:50+00:00","mainEntityOfPage":{"@id":"https:\/\/ecocranes.hu\/teherliftek-felhasznalasi-teruletei-es-elonyei\/"},"wordCount":635,"commentCount":0,"publisher":{"@id":"https:\/\/ecocranes.hu\/#organization"},"image":{"@id":"https:\/\/ecocranes.hu\/teherliftek-felhasznalasi-teruletei-es-elonyei\/#primaryimage"},"thumbnailUrl":"https:\/\/ecocranes.hu\/wp-content\/uploads\/2025\/10\/ecocranes_korulkeritett_teru_teheremelo_20210525-9.jpg","keywords":["emel\u00e9stechnika","teherlift"],"articleSection":["H\u00edrek, cikkek","Szolg\u00e1ltat\u00e1saink"],"inLanguage":"en-GB","potentialAction":[{"@type":"CommentAction","name":"Comment","target":["https:\/\/ecocranes.hu\/teherliftek-felhasznalasi-teruletei-es-elonyei\/#respond"]}]},{"@type":"WebPage","@id":"https:\/\/ecocranes.hu\/teherliftek-felhasznalasi-teruletei-es-elonyei\/","url":"https:\/\/ecocranes.hu\/teherliftek-felhasznalasi-teruletei-es-elonyei\/","name":"Teherliftek felhaszn\u00e1l\u00e1si ter\u00fcletei \u00e9s el\u0151nyei - Eco-Cranes","isPartOf":{"@id":"https:\/\/ecocranes.hu\/#website"},"primaryImageOfPage":{"@id":"https:\/\/ecocranes.hu\/teherliftek-felhasznalasi-teruletei-es-elonyei\/#primaryimage"},"image":{"@id":"https:\/\/ecocranes.hu\/teherliftek-felhasznalasi-teruletei-es-elonyei\/#primaryimage"},"thumbnailUrl":"https:\/\/ecocranes.hu\/wp-content\/uploads\/2025\/10\/ecocranes_korulkeritett_teru_teheremelo_20210525-9.jpg","datePublished":"2025-08-03T12:12:17+00:00","dateModified":"2025-10-13T14:42:50+00:00","description":"A teheremel\u0151k \u00e9s teherliftek sz\u00e1mos ipari ter\u00fcleten alkalmazhat\u00f3ak, mivel jelent\u0151sen k\u00f6nnyebb\u00e9 teszik \u00e9s felgyors\u00edtj\u00e1k az anyagmozgat\u00e1si folyamatokat \u00e9s a\u2026","breadcrumb":{"@id":"https:\/\/ecocranes.hu\/teherliftek-felhasznalasi-teruletei-es-elonyei\/#breadcrumb"},"inLanguage":"en-GB","potentialAction":[{"@type":"ReadAction","target":["https:\/\/ecocranes.hu\/teherliftek-felhasznalasi-teruletei-es-elonyei\/"]}],"speakable":{"@type":"SpeakableSpecification","cssSelector":["h1",".elementor-widget-text-editor"]}},{"@type":"ImageObject","inLanguage":"en-GB","@id":"https:\/\/ecocranes.hu\/teherliftek-felhasznalasi-teruletei-es-elonyei\/#primaryimage","url":"https:\/\/ecocranes.hu\/wp-content\/uploads\/2025\/10\/ecocranes_korulkeritett_teru_teheremelo_20210525-9.jpg","contentUrl":"https:\/\/ecocranes.hu\/wp-content\/uploads\/2025\/10\/ecocranes_korulkeritett_teru_teheremelo_20210525-9.jpg","width":800,"height":1201,"caption":"Eco-Cranes p\u00f3diumtervez\u00e9s \u00e9s gy\u00e1rt\u00e1s \u2013 ecocranes korulkeritett teru teheremelo 20210525 9"},{"@type":"BreadcrumbList","@id":"https:\/\/ecocranes.hu\/teherliftek-felhasznalasi-teruletei-es-elonyei\/#breadcrumb","itemListElement":[{"@type":"ListItem","position":1,"name":"Home","item":"https:\/\/ecocranes.hu\/en\/"},{"@type":"ListItem","position":2,"name":"Teherliftek felhaszn\u00e1l\u00e1si ter\u00fcletei \u00e9s el\u0151nyei"}]},{"@type":"WebSite","@id":"https:\/\/ecocranes.hu\/#website","url":"https:\/\/ecocranes.hu\/","name":"Eco-Cranes","description":"Cranes and lifting equipment","publisher":{"@id":"https:\/\/ecocranes.hu\/#organization"},"potentialAction":[{"@type":"SearchAction","target":{"@type":"EntryPoint","urlTemplate":"https:\/\/ecocranes.hu\/?s={search_term_string}"},"query-input":{"@type":"PropertyValueSpecification","valueRequired":true,"valueName":"search_term_string"}}],"inLanguage":"en-GB"},{"@type":"Organization","@id":"https:\/\/ecocranes.hu\/#organization","name":"Eco-Cranes","url":"https:\/\/ecocranes.hu\/","logo":{"@type":"ImageObject","inLanguage":"en-GB","@id":"https:\/\/ecocranes.hu\/#\/schema\/logo\/image\/","url":"https:\/\/ecocranes.hu\/wp-content\/uploads\/2025\/09\/eco-cranes-logo.png","contentUrl":"https:\/\/ecocranes.hu\/wp-content\/uploads\/2025\/09\/eco-cranes-logo.png","width":180,"height":18,"caption":"Eco-Cranes"},"image":{"@id":"https:\/\/ecocranes.hu\/#\/schema\/logo\/image\/"},"sameAs":["https:\/\/www.facebook.com\/ecocranes"],"address":{"@type":"PostalAddress","streetAddress":"Ybl Mikl\u00f3s utca 42.","addressLocality":"F\u00f3t","postalCode":"2151","addressCountry":"HU"},"geo":{"@type":"GeoCoordinates","latitude":47.61583300000000207319317269138991832733154296875,"longitude":19.181837000000001580701791681349277496337890625},"openingHoursSpecification":[{"@type":"OpeningHoursSpecification","dayOfWeek":["Monday","Tuesday","Wednesday","Thursday","Friday"],"opens":"08:00","closes":"17:00"}],"description":"Design, manufacture, installation, servicing and periodic inspection of cranes, bridge cranes, slewing cranes and hydraulic lifting tables.","email":"info@ecocranes.hu","telephone":"+36 27 360823","legalName":"ECO-CRANES HUNGARY Daruk \u00e9s Emel\u0151g\u00e9pek Korl\u00e1tolt Felel\u0151ss\u00e9g\u0171 T\u00e1rsas\u00e1g","vatID":"11912606-2-13"},{"@type":"Person","@id":"https:\/\/ecocranes.hu\/#\/schema\/person\/313efb4c05acc39796b4c6dbd501f01d","name":"eco.admin","image":{"@type":"ImageObject","inLanguage":"en-GB","@id":"https:\/\/ecocranes.hu\/#\/schema\/person\/image\/","url":"https:\/\/secure.gravatar.com\/avatar\/6f17916a31d634303d44a76de03b51e7eb11a9cfeaf3cefb8caf9b7d770eac89?s=96&d=mm&r=g","contentUrl":"https:\/\/secure.gravatar.com\/avatar\/6f17916a31d634303d44a76de03b51e7eb11a9cfeaf3cefb8caf9b7d770eac89?s=96&d=mm&r=g","caption":"eco.-admin"},"sameAs":["https:\/\/ecocranes.hu"],"url":"https:\/\/ecocranes.hu\/en\/author\/eco-admin\/"}]}},"_links":{"self":[{"href":"https:\/\/ecocranes.hu\/en\/wp-json\/wp\/v2\/posts\/7266","targetHints":{"allow":["GET"]}}],"collection":[{"href":"https:\/\/ecocranes.hu\/en\/wp-json\/wp\/v2\/posts"}],"about":[{"href":"https:\/\/ecocranes.hu\/en\/wp-json\/wp\/v2\/types\/post"}],"author":[{"embeddable":true,"href":"https:\/\/ecocranes.hu\/en\/wp-json\/wp\/v2\/users\/1"}],"replies":[{"embeddable":true,"href":"https:\/\/ecocranes.hu\/en\/wp-json\/wp\/v2\/comments?post=7266"}],"version-history":[{"count":0,"href":"https:\/\/ecocranes.hu\/en\/wp-json\/wp\/v2\/posts\/7266\/revisions"}],"wp:featuredmedia":[{"embeddable":true,"href":"https:\/\/ecocranes.hu\/en\/wp-json\/wp\/v2\/media\/7267"}],"wp:attachment":[{"href":"https:\/\/ecocranes.hu\/en\/wp-json\/wp\/v2\/media?parent=7266"}],"wp:term":[{"taxonomy":"category","embeddable":true,"href":"https:\/\/ecocranes.hu\/en\/wp-json\/wp\/v2\/categories?post=7266"},{"taxonomy":"post_tag","embeddable":true,"href":"https:\/\/ecocranes.hu\/en\/wp-json\/wp\/v2\/tags?post=7266"}],"curies":[{"name":"wp","href":"https:\/\/api.w.org\/{rel}","templated":true}]}}